{"id":1893,"date":"2021-06-11T01:07:58","date_gmt":"2021-06-11T01:07:58","guid":{"rendered":"https:\/\/red.pucp.edu.pe\/riel\/?p=1893"},"modified":"2021-06-11T01:09:07","modified_gmt":"2021-06-11T01:09:07","slug":"i-congreso-internacional-proyectos-esteticos-politicos-y-redes-intelectuales-femeninas-de-entresiglos-en-america-latina","status":"publish","type":"post","link":"https:\/\/red.pucp.edu.pe\/riel\/i-congreso-internacional-proyectos-esteticos-politicos-y-redes-intelectuales-femeninas-de-entresiglos-en-america-latina\/","title":{"rendered":"\u201cI Congreso Internacional Proyectos est\u00e9ticos-pol\u00edticos y redes Intelectuales femeninas de entresiglos en Am\u00e9rica Latina\u201d"},"content":{"rendered":"<p>Invitamos a la comunidad a participar en el \u201cI Congreso Internacional Proyectos est\u00e9ticos-pol\u00edticos y redes Intelectuales femeninas de entresiglos en Am\u00e9rica Latina\u201d. Se realizar\u00e1 el 22, 23, 24 y 25 de junio. El ingreso es libre, previa inscripci\u00f3n. Asimismo, est\u00e1 disponible el programa final del evento.<\/p>\n<p>Ingrese al siguiente enlace para inscribirse y obtener m\u00e1s informaci\u00f3n: \u00a0https:\/\/congresoredesfemeninas.wordpress.com\/programa-oficial-2\/?fbclid=IwAR0WyUqbipbdj2EZfvPNVenAI2aiqQqaucHEeD-HUzHntcfbJq8ejeEUAHY<\/p>\n<p><img loading=\"lazy\" decoding=\"async\" class=\"alignleft wp-image-1894\" src=\"https:\/\/red.pucp.edu.pe\/riel\/files\/2021\/06\/Programa-final-1_page-0001-1024x801.jpg\" alt=\"\" width=\"658\" height=\"515\" srcset=\"https:\/\/red.pucp.edu.pe\/riel\/files\/2021\/06\/Programa-final-1_page-0001-1024x801.jpg 1024w, https:\/\/red.pucp.edu.pe\/riel\/files\/2021\/06\/Programa-final-1_page-0001-300x235.jpg 300w, https:\/\/red.pucp.edu.pe\/riel\/files\/2021\/06\/Programa-final-1_page-0001-768x601.jpg 768w, https:\/\/red.pucp.edu.pe\/riel\/files\/2021\/06\/Programa-final-1_page-0001.jpg 1721w\" sizes=\"auto, (max-width: 658px) 100vw, 658px\" \/> <img loading=\"lazy\" decoding=\"async\" class=\"alignleft wp-image-1895\" src=\"https:\/\/red.pucp.edu.pe\/riel\/files\/2021\/06\/Programa-final-1_page-0002-1024x801.jpg\" alt=\"\" width=\"653\" height=\"510\" srcset=\"https:\/\/red.pucp.edu.pe\/riel\/files\/2021\/06\/Programa-final-1_page-0002-1024x801.jpg 1024w, https:\/\/red.pucp.edu.pe\/riel\/files\/2021\/06\/Programa-final-1_page-0002-300x235.jpg 300w, https:\/\/red.pucp.edu.pe\/riel\/files\/2021\/06\/Programa-final-1_page-0002-768x601.jpg 768w, https:\/\/red.pucp.edu.pe\/riel\/files\/2021\/06\/Programa-final-1_page-0002.jpg 1721w\" sizes=\"auto, (max-width: 653px) 100vw, 653px\" \/> <img loading=\"lazy\" decoding=\"async\" class=\"alignleft wp-image-1896\" src=\"https:\/\/red.pucp.edu.pe\/riel\/files\/2021\/06\/Programa-final-1_page-0003-1024x801.jpg\" alt=\"\" width=\"655\" height=\"512\" srcset=\"https:\/\/red.pucp.edu.pe\/riel\/files\/2021\/06\/Programa-final-1_page-0003-1024x801.jpg 1024w, https:\/\/red.pucp.edu.pe\/riel\/files\/2021\/06\/Programa-final-1_page-0003-300x235.jpg 300w, https:\/\/red.pucp.edu.pe\/riel\/files\/2021\/06\/Programa-final-1_page-0003-768x601.jpg 768w, https:\/\/red.pucp.edu.pe\/riel\/files\/2021\/06\/Programa-final-1_page-0003.jpg 1721w\" sizes=\"auto, (max-width: 655px) 100vw, 655px\" \/> <img loading=\"lazy\" decoding=\"async\" class=\"alignleft wp-image-1897\" src=\"https:\/\/red.pucp.edu.pe\/riel\/files\/2021\/06\/Programa-final-1_page-0004-1024x801.jpg\" alt=\"\" width=\"643\" height=\"503\" srcset=\"https:\/\/red.pucp.edu.pe\/riel\/files\/2021\/06\/Programa-final-1_page-0004-1024x801.jpg 1024w, https:\/\/red.pucp.edu.pe\/riel\/files\/2021\/06\/Programa-final-1_page-0004-300x235.jpg 300w, https:\/\/red.pucp.edu.pe\/riel\/files\/2021\/06\/Programa-final-1_page-0004-768x601.jpg 768w, https:\/\/red.pucp.edu.pe\/riel\/files\/2021\/06\/Programa-final-1_page-0004.jpg 1721w\" sizes=\"auto, (max-width: 643px) 100vw, 643px\" \/><\/p>\n","protected":false},"excerpt":{"rendered":"<p>Invitamos a la comunidad a participar en el \u201cI Congreso Internacional Proyectos est\u00e9ticos-pol\u00edticos y redes Intelectuales femeninas de entresiglos en Am\u00e9rica Latina\u201d. Se realizar\u00e1 el 22, 23, 24 y 25 de junio. El ingreso es libre, previa inscripci\u00f3n. Asimismo, est\u00e1 disponible el programa final del evento. Ingrese al siguiente enlace para inscribirse y obtener m\u00e1s [&hellip;]<\/p>\n","protected":false},"author":15,"featured_media":1894,"comment_status":"open","ping_status":"closed","sticky":false,"template":"","format":"standard","meta":{"footnotes":""},"categories":[56],"tags":[],"class_list":["post-1893","post","type-post","status-publish","format-standard","has-post-thumbnail","hentry","category-agenda"],"yoast_head":"<!-- This site is optimized with the Yoast SEO plugin v24.5 - https:\/\/yoast.com\/wordpress\/plugins\/seo\/ -->\n<title>\u201cI Congreso Internacional Proyectos est\u00e9ticos-pol\u00edticos y redes Intelectuales femeninas de entresiglos en Am\u00e9rica Latina\u201d - PUCP | Red Interdisciplinaria de Estudios Latinoamericanos del siglo XIX<\/title>\n<meta name=\"robots\" content=\"index, follow, max-snippet:-1, max-image-preview:large, max-video-preview:-1\" \/>\n<link rel=\"canonical\" href=\"https:\/\/red.pucp.edu.pe\/riel\/i-congreso-internacional-proyectos-esteticos-politicos-y-redes-intelectuales-femeninas-de-entresiglos-en-america-latina\/\" \/>\n<meta property=\"og:locale\" content=\"es_ES\" \/>\n<meta property=\"og:type\" content=\"article\" \/>\n<meta property=\"og:title\" content=\"\u201cI Congreso Internacional Proyectos est\u00e9ticos-pol\u00edticos y redes Intelectuales femeninas de entresiglos en Am\u00e9rica Latina\u201d - PUCP | Red Interdisciplinaria de Estudios Latinoamericanos del siglo XIX\" \/>\n<meta property=\"og:description\" content=\"Invitamos a la comunidad a participar en el \u201cI Congreso Internacional Proyectos est\u00e9ticos-pol\u00edticos y redes Intelectuales femeninas de entresiglos en Am\u00e9rica Latina\u201d. Se realizar\u00e1 el 22, 23, 24 y 25 de junio. El ingreso es libre, previa inscripci\u00f3n. Asimismo, est\u00e1 disponible el programa final del evento. Ingrese al siguiente enlace para inscribirse y obtener m\u00e1s [&hellip;]\" \/>\n<meta property=\"og:url\" content=\"https:\/\/red.pucp.edu.pe\/riel\/i-congreso-internacional-proyectos-esteticos-politicos-y-redes-intelectuales-femeninas-de-entresiglos-en-america-latina\/\" \/>\n<meta property=\"og:site_name\" content=\"PUCP | Red Interdisciplinaria de Estudios Latinoamericanos del siglo XIX\" \/>\n<meta property=\"article:author\" content=\"https:\/\/www.facebook.com\/Red-Interdisciplinaria-de-Estudios-Latinoamericanos-Per-XIX-533236626817993\/\" \/>\n<meta property=\"article:published_time\" content=\"2021-06-11T01:07:58+00:00\" \/>\n<meta property=\"article:modified_time\" content=\"2021-06-11T01:09:07+00:00\" \/>\n<meta property=\"og:image\" content=\"https:\/\/red.pucp.edu.pe\/riel\/files\/2021\/06\/Programa-final-1_page-0001.jpg\" \/>\n\t<meta property=\"og:image:width\" content=\"1721\" \/>\n\t<meta property=\"og:image:height\" content=\"1346\" \/>\n\t<meta property=\"og:image:type\" content=\"image\/jpeg\" \/>\n<meta name=\"author\" content=\"cristinaalmeida\" \/>\n<meta name=\"twitter:card\" content=\"summary_large_image\" \/>\n<meta name=\"twitter:label1\" content=\"Escrito por\" \/>\n\t<meta name=\"twitter:data1\" content=\"cristinaalmeida\" \/>\n<script type=\"application\/ld+json\" class=\"yoast-schema-graph\">{\"@context\":\"https:\/\/schema.org\",\"@graph\":[{\"@type\":\"WebPage\",\"@id\":\"https:\/\/red.pucp.edu.pe\/riel\/i-congreso-internacional-proyectos-esteticos-politicos-y-redes-intelectuales-femeninas-de-entresiglos-en-america-latina\/\",\"url\":\"https:\/\/red.pucp.edu.pe\/riel\/i-congreso-internacional-proyectos-esteticos-politicos-y-redes-intelectuales-femeninas-de-entresiglos-en-america-latina\/\",\"name\":\"\u201cI Congreso Internacional Proyectos est\u00e9ticos-pol\u00edticos y redes Intelectuales femeninas de entresiglos en Am\u00e9rica Latina\u201d - PUCP | Red Interdisciplinaria de Estudios Latinoamericanos del siglo XIX\",\"isPartOf\":{\"@id\":\"https:\/\/red.pucp.edu.pe\/riel\/#website\"},\"primaryImageOfPage\":{\"@id\":\"https:\/\/red.pucp.edu.pe\/riel\/i-congreso-internacional-proyectos-esteticos-politicos-y-redes-intelectuales-femeninas-de-entresiglos-en-america-latina\/#primaryimage\"},\"image\":{\"@id\":\"https:\/\/red.pucp.edu.pe\/riel\/i-congreso-internacional-proyectos-esteticos-politicos-y-redes-intelectuales-femeninas-de-entresiglos-en-america-latina\/#primaryimage\"},\"thumbnailUrl\":\"https:\/\/red.pucp.edu.pe\/riel\/files\/2021\/06\/Programa-final-1_page-0001.jpg\",\"datePublished\":\"2021-06-11T01:07:58+00:00\",\"dateModified\":\"2021-06-11T01:09:07+00:00\",\"author\":{\"@id\":\"https:\/\/red.pucp.edu.pe\/riel\/#\/schema\/person\/14d7dadce3eb269d58e85351138e8731\"},\"breadcrumb\":{\"@id\":\"https:\/\/red.pucp.edu.pe\/riel\/i-congreso-internacional-proyectos-esteticos-politicos-y-redes-intelectuales-femeninas-de-entresiglos-en-america-latina\/#breadcrumb\"},\"inLanguage\":\"es\",\"potentialAction\":[{\"@type\":\"ReadAction\",\"target\":[\"https:\/\/red.pucp.edu.pe\/riel\/i-congreso-internacional-proyectos-esteticos-politicos-y-redes-intelectuales-femeninas-de-entresiglos-en-america-latina\/\"]}]},{\"@type\":\"ImageObject\",\"inLanguage\":\"es\",\"@id\":\"https:\/\/red.pucp.edu.pe\/riel\/i-congreso-internacional-proyectos-esteticos-politicos-y-redes-intelectuales-femeninas-de-entresiglos-en-america-latina\/#primaryimage\",\"url\":\"https:\/\/red.pucp.edu.pe\/riel\/files\/2021\/06\/Programa-final-1_page-0001.jpg\",\"contentUrl\":\"https:\/\/red.pucp.edu.pe\/riel\/files\/2021\/06\/Programa-final-1_page-0001.jpg\",\"width\":1721,\"height\":1346},{\"@type\":\"BreadcrumbList\",\"@id\":\"https:\/\/red.pucp.edu.pe\/riel\/i-congreso-internacional-proyectos-esteticos-politicos-y-redes-intelectuales-femeninas-de-entresiglos-en-america-latina\/#breadcrumb\",\"itemListElement\":[{\"@type\":\"ListItem\",\"position\":1,\"name\":\"Home\",\"item\":\"https:\/\/red.pucp.edu.pe\/riel\/\"},{\"@type\":\"ListItem\",\"position\":2,\"name\":\"\u201cI Congreso Internacional Proyectos est\u00e9ticos-pol\u00edticos y redes Intelectuales femeninas de entresiglos en Am\u00e9rica Latina\u201d\"}]},{\"@type\":\"WebSite\",\"@id\":\"https:\/\/red.pucp.edu.pe\/riel\/#website\",\"url\":\"https:\/\/red.pucp.edu.pe\/riel\/\",\"name\":\"PUCP | Red Interdisciplinaria de Estudios Latinoamericanos del siglo XIX\",\"description\":\"RIEL\",\"potentialAction\":[{\"@type\":\"SearchAction\",\"target\":{\"@type\":\"EntryPoint\",\"urlTemplate\":\"https:\/\/red.pucp.edu.pe\/riel\/?s={search_term_string}\"},\"query-input\":{\"@type\":\"PropertyValueSpecification\",\"valueRequired\":true,\"valueName\":\"search_term_string\"}}],\"inLanguage\":\"es\"},{\"@type\":\"Person\",\"@id\":\"https:\/\/red.pucp.edu.pe\/riel\/#\/schema\/person\/14d7dadce3eb269d58e85351138e8731\",\"name\":\"cristinaalmeida\",\"image\":{\"@type\":\"ImageObject\",\"inLanguage\":\"es\",\"@id\":\"https:\/\/red.pucp.edu.pe\/riel\/#\/schema\/person\/image\/\",\"url\":\"https:\/\/secure.gravatar.com\/avatar\/e7d10ef86a92361cd6dca0492f37d4f5?s=96&d=mm&r=g\",\"contentUrl\":\"https:\/\/secure.gravatar.com\/avatar\/e7d10ef86a92361cd6dca0492f37d4f5?s=96&d=mm&r=g\",\"caption\":\"cristinaalmeida\"},\"description\":\"- Nombre completo: Cristina Saori Almeida Goshi - Correo pucp:cristina.almeida@pucp.pe - Cargo: Gestora acad\u00e9mica de la Maestr\u00eda en Literatura Hispanoamericana - Anexo: 4409\",\"sameAs\":[\"https:\/\/www.facebook.com\/Red-Interdisciplinaria-de-Estudios-Latinoamericanos-Per-XIX-533236626817993\/\"],\"url\":\"https:\/\/red.pucp.edu.pe\/riel\/author\/cristinaalmeida\/\"}]}<\/script>\n<!-- \/ Yoast SEO plugin. -->","yoast_head_json":{"title":"\u201cI Congreso Internacional Proyectos est\u00e9ticos-pol\u00edticos y redes Intelectuales femeninas de entresiglos en Am\u00e9rica Latina\u201d - PUCP | Red Interdisciplinaria de Estudios Latinoamericanos del siglo XIX","robots":{"index":"index","follow":"follow","max-snippet":"max-snippet:-1","max-image-preview":"max-image-preview:large","max-video-preview":"max-video-preview:-1"},"canonical":"https:\/\/red.pucp.edu.pe\/riel\/i-congreso-internacional-proyectos-esteticos-politicos-y-redes-intelectuales-femeninas-de-entresiglos-en-america-latina\/","og_locale":"es_ES","og_type":"article","og_title":"\u201cI Congreso Internacional Proyectos est\u00e9ticos-pol\u00edticos y redes Intelectuales femeninas de entresiglos en Am\u00e9rica Latina\u201d - PUCP | Red Interdisciplinaria de Estudios Latinoamericanos del siglo XIX","og_description":"Invitamos a la comunidad a participar en el \u201cI Congreso Internacional Proyectos est\u00e9ticos-pol\u00edticos y redes Intelectuales femeninas de entresiglos en Am\u00e9rica Latina\u201d. Se realizar\u00e1 el 22, 23, 24 y 25 de junio. El ingreso es libre, previa inscripci\u00f3n. Asimismo, est\u00e1 disponible el programa final del evento. Ingrese al siguiente enlace para inscribirse y obtener m\u00e1s [&hellip;]","og_url":"https:\/\/red.pucp.edu.pe\/riel\/i-congreso-internacional-proyectos-esteticos-politicos-y-redes-intelectuales-femeninas-de-entresiglos-en-america-latina\/","og_site_name":"PUCP | Red Interdisciplinaria de Estudios Latinoamericanos del siglo XIX","article_author":"https:\/\/www.facebook.com\/Red-Interdisciplinaria-de-Estudios-Latinoamericanos-Per-XIX-533236626817993\/","article_published_time":"2021-06-11T01:07:58+00:00","article_modified_time":"2021-06-11T01:09:07+00:00","og_image":[{"width":1721,"height":1346,"url":"https:\/\/red.pucp.edu.pe\/riel\/files\/2021\/06\/Programa-final-1_page-0001.jpg","type":"image\/jpeg"}],"author":"cristinaalmeida","twitter_card":"summary_large_image","twitter_misc":{"Escrito por":"cristinaalmeida"},"schema":{"@context":"https:\/\/schema.org","@graph":[{"@type":"WebPage","@id":"https:\/\/red.pucp.edu.pe\/riel\/i-congreso-internacional-proyectos-esteticos-politicos-y-redes-intelectuales-femeninas-de-entresiglos-en-america-latina\/","url":"https:\/\/red.pucp.edu.pe\/riel\/i-congreso-internacional-proyectos-esteticos-politicos-y-redes-intelectuales-femeninas-de-entresiglos-en-america-latina\/","name":"\u201cI Congreso Internacional Proyectos est\u00e9ticos-pol\u00edticos y redes Intelectuales femeninas de entresiglos en Am\u00e9rica Latina\u201d - PUCP | Red Interdisciplinaria de Estudios Latinoamericanos del siglo XIX","isPartOf":{"@id":"https:\/\/red.pucp.edu.pe\/riel\/#website"},"primaryImageOfPage":{"@id":"https:\/\/red.pucp.edu.pe\/riel\/i-congreso-internacional-proyectos-esteticos-politicos-y-redes-intelectuales-femeninas-de-entresiglos-en-america-latina\/#primaryimage"},"image":{"@id":"https:\/\/red.pucp.edu.pe\/riel\/i-congreso-internacional-proyectos-esteticos-politicos-y-redes-intelectuales-femeninas-de-entresiglos-en-america-latina\/#primaryimage"},"thumbnailUrl":"https:\/\/red.pucp.edu.pe\/riel\/files\/2021\/06\/Programa-final-1_page-0001.jpg","datePublished":"2021-06-11T01:07:58+00:00","dateModified":"2021-06-11T01:09:07+00:00","author":{"@id":"https:\/\/red.pucp.edu.pe\/riel\/#\/schema\/person\/14d7dadce3eb269d58e85351138e8731"},"breadcrumb":{"@id":"https:\/\/red.pucp.edu.pe\/riel\/i-congreso-internacional-proyectos-esteticos-politicos-y-redes-intelectuales-femeninas-de-entresiglos-en-america-latina\/#breadcrumb"},"inLanguage":"es","potentialAction":[{"@type":"ReadAction","target":["https:\/\/red.pucp.edu.pe\/riel\/i-congreso-internacional-proyectos-esteticos-politicos-y-redes-intelectuales-femeninas-de-entresiglos-en-america-latina\/"]}]},{"@type":"ImageObject","inLanguage":"es","@id":"https:\/\/red.pucp.edu.pe\/riel\/i-congreso-internacional-proyectos-esteticos-politicos-y-redes-intelectuales-femeninas-de-entresiglos-en-america-latina\/#primaryimage","url":"https:\/\/red.pucp.edu.pe\/riel\/files\/2021\/06\/Programa-final-1_page-0001.jpg","contentUrl":"https:\/\/red.pucp.edu.pe\/riel\/files\/2021\/06\/Programa-final-1_page-0001.jpg","width":1721,"height":1346},{"@type":"BreadcrumbList","@id":"https:\/\/red.pucp.edu.pe\/riel\/i-congreso-internacional-proyectos-esteticos-politicos-y-redes-intelectuales-femeninas-de-entresiglos-en-america-latina\/#breadcrumb","itemListElement":[{"@type":"ListItem","position":1,"name":"Home","item":"https:\/\/red.pucp.edu.pe\/riel\/"},{"@type":"ListItem","position":2,"name":"\u201cI Congreso Internacional Proyectos est\u00e9ticos-pol\u00edticos y redes Intelectuales femeninas de entresiglos en Am\u00e9rica Latina\u201d"}]},{"@type":"WebSite","@id":"https:\/\/red.pucp.edu.pe\/riel\/#website","url":"https:\/\/red.pucp.edu.pe\/riel\/","name":"PUCP | Red Interdisciplinaria de Estudios Latinoamericanos del siglo XIX","description":"RIEL","potentialAction":[{"@type":"SearchAction","target":{"@type":"EntryPoint","urlTemplate":"https:\/\/red.pucp.edu.pe\/riel\/?s={search_term_string}"},"query-input":{"@type":"PropertyValueSpecification","valueRequired":true,"valueName":"search_term_string"}}],"inLanguage":"es"},{"@type":"Person","@id":"https:\/\/red.pucp.edu.pe\/riel\/#\/schema\/person\/14d7dadce3eb269d58e85351138e8731","name":"cristinaalmeida","image":{"@type":"ImageObject","inLanguage":"es","@id":"https:\/\/red.pucp.edu.pe\/riel\/#\/schema\/person\/image\/","url":"https:\/\/secure.gravatar.com\/avatar\/e7d10ef86a92361cd6dca0492f37d4f5?s=96&d=mm&r=g","contentUrl":"https:\/\/secure.gravatar.com\/avatar\/e7d10ef86a92361cd6dca0492f37d4f5?s=96&d=mm&r=g","caption":"cristinaalmeida"},"description":"- Nombre completo: Cristina Saori Almeida Goshi - Correo pucp:cristina.almeida@pucp.pe - Cargo: Gestora acad\u00e9mica de la Maestr\u00eda en Literatura Hispanoamericana - Anexo: 4409","sameAs":["https:\/\/www.facebook.com\/Red-Interdisciplinaria-de-Estudios-Latinoamericanos-Per-XIX-533236626817993\/"],"url":"https:\/\/red.pucp.edu.pe\/riel\/author\/cristinaalmeida\/"}]}},"_links":{"self":[{"href":"https:\/\/red.pucp.edu.pe\/riel\/wp-json\/wp\/v2\/posts\/1893","targetHints":{"allow":["GET"]}}],"collection":[{"href":"https:\/\/red.pucp.edu.pe\/riel\/wp-json\/wp\/v2\/posts"}],"about":[{"href":"https:\/\/red.pucp.edu.pe\/riel\/wp-json\/wp\/v2\/types\/post"}],"author":[{"embeddable":true,"href":"https:\/\/red.pucp.edu.pe\/riel\/wp-json\/wp\/v2\/users\/15"}],"replies":[{"embeddable":true,"href":"https:\/\/red.pucp.edu.pe\/riel\/wp-json\/wp\/v2\/comments?post=1893"}],"version-history":[{"count":0,"href":"https:\/\/red.pucp.edu.pe\/riel\/wp-json\/wp\/v2\/posts\/1893\/revisions"}],"wp:featuredmedia":[{"embeddable":true,"href":"https:\/\/red.pucp.edu.pe\/riel\/wp-json\/wp\/v2\/media\/1894"}],"wp:attachment":[{"href":"https:\/\/red.pucp.edu.pe\/riel\/wp-json\/wp\/v2\/media?parent=1893"}],"wp:term":[{"taxonomy":"category","embeddable":true,"href":"https:\/\/red.pucp.edu.pe\/riel\/wp-json\/wp\/v2\/categories?post=1893"},{"taxonomy":"post_tag","embeddable":true,"href":"https:\/\/red.pucp.edu.pe\/riel\/wp-json\/wp\/v2\/tags?post=1893"}],"curies":[{"name":"wp","href":"https:\/\/api.w.org\/{rel}","templated":true}]}}