{"id":25585,"date":"2025-02-17T15:09:27","date_gmt":"2025-02-17T20:09:27","guid":{"rendered":"https:\/\/red.pucp.edu.pe\/ridei\/?p=25585"},"modified":"2025-02-17T15:09:27","modified_gmt":"2025-02-17T20:09:27","slug":"nuevo-seminario-introductorio-filosofia-andina-dialogo-intercultural-sobre-memoria-genero-y-ecologia","status":"publish","type":"post","link":"https:\/\/red.pucp.edu.pe\/ridei\/curso\/nuevo-seminario-introductorio-filosofia-andina-dialogo-intercultural-sobre-memoria-genero-y-ecologia\/","title":{"rendered":"[NUEVO] Seminario Introductorio: Filosof\u00eda Andina, Di\u00e1logo Intercultural sobre Memoria, G\u00e9nero y Ecolog\u00eda"},"content":{"rendered":"<p><img loading=\"lazy\" decoding=\"async\" class=\"aligncenter size-large wp-image-25586\" src=\"https:\/\/red.pucp.edu.pe\/ridei\/files\/2025\/02\/pachamama-interior_637708497108323428-690x368.jpg\" alt=\"\" width=\"690\" height=\"368\" srcset=\"https:\/\/red.pucp.edu.pe\/ridei\/files\/2025\/02\/pachamama-interior_637708497108323428-690x368.jpg 690w, https:\/\/red.pucp.edu.pe\/ridei\/files\/2025\/02\/pachamama-interior_637708497108323428-300x160.jpg 300w, https:\/\/red.pucp.edu.pe\/ridei\/files\/2025\/02\/pachamama-interior_637708497108323428-768x409.jpg 768w, https:\/\/red.pucp.edu.pe\/ridei\/files\/2025\/02\/pachamama-interior_637708497108323428.jpg 826w\" sizes=\"auto, (max-width: 690px) 100vw, 690px\" \/><\/p>\n<p data-start=\"73\" data-end=\"196\">\u00bfY si el pensamiento filos\u00f3fico no estuviera solo en los libros, sino en la tierra, en la memoria y en la vida misma? \ud83c\udf31\u2728<\/p>\n<p data-start=\"198\" data-end=\"382\">El nuevo curso de <strong data-start=\"216\" data-end=\"234\">Adhemir Flores<\/strong>, integrante de la <strong data-start=\"253\" data-end=\"302\">Red Internacional de Estudios Interculturales<\/strong>, nos invita a explorar la <strong data-start=\"329\" data-end=\"349\">Filosof\u00eda Andina<\/strong> desde tres ejes fundamentales:<\/p>\n<p data-start=\"384\" data-end=\"772\">\ud83d\udd39 <strong data-start=\"387\" data-end=\"412\">Memoria y resistencia<\/strong>: La lucha de las comunidades andinas frente al olvido y la colonizaci\u00f3n.<br data-start=\"485\" data-end=\"488\" \/>\ud83d\udd39 <strong data-start=\"491\" data-end=\"522\">G\u00e9nero m\u00e1s all\u00e1 del binario<\/strong>: Masculinidad y feminidad no son opuestos fijos, sino parte de una red de relaciones que incluyen a la naturaleza y el cosmos.<br data-start=\"649\" data-end=\"652\" \/>\ud83d\udd39 <strong data-start=\"655\" data-end=\"682\">Ecolog\u00eda y reciprocidad<\/strong>: La madre-tierra, la ancestralidad y la vida como un tejido de hermandad y musicalidad.<\/p>\n<p data-start=\"774\" data-end=\"976\">Este curso es m\u00e1s que una introducci\u00f3n te\u00f3rica: es una invitaci\u00f3n a repensar el presente desde una perspectiva que desaf\u00eda el orden existente y reivindica una visi\u00f3n del mundo <strong data-start=\"950\" data-end=\"973\">en estado de gracia<\/strong>.<\/p>\n<p>Se dar\u00e1 en la <strong>modalidad virtual<\/strong> y se aperturar\u00e1n dos grupos. El grupo #1 iniciar\u00e1 el <strong>mi\u00e9rcoles 19 de febrero de 9:00 a.m. a 11:00 a.m<\/strong>. El grupo #2 iniciar\u00e1 el <strong>jueves 20 de febrero de 6:00 p.m. a 08:00 p.m<\/strong>.<\/p>\n<p>El curso est\u00e1 distribuido en cinco (5) sesiones de dos (2) horas acad\u00e9micas por semana:<\/p>\n<ol>\n<li>Introducci\u00f3n: hacia una filosof\u00eda andina.<\/li>\n<li>Memorias de resistencia, micropol\u00edticas de reconciliaci\u00f3n y luchas emancipatorias en las culturas altoandinas de Per\u00fa.<\/li>\n<li>Filosof\u00eda andina, desigualdades de g\u00e9nero y m\u00faltiples relaciones de g\u00e9nero en la vida cotidiana, la espiritualidad y los rituales.<\/li>\n<li>Filosof\u00eda andina, ecolog\u00eda y modos de producci\u00f3n territorial: m\u00e1s all\u00e1 de naturaleza y cultura.<\/li>\n<li>Conclusiones del curso.<\/li>\n<\/ol>\n<p><strong>METODOLOG\u00cdA<\/strong><\/p>\n<ul>\n<li>El curso es introductorio y est\u00e1 abierto a todos los interesados: no se requieren conocimientos previos en el campo de la filosof\u00eda.<\/li>\n<li>El curso ser\u00e1 llevado bajo la modalidad de seminario, lo que implica la participaci\u00f3n activa de lxs estudiantes.<\/li>\n<li>Las sesiones se desarrollar\u00e1n a partir de la lectura previa de textos y la discusi\u00f3n de v\u00eddeos o casos. Se dar\u00e1 mucha importancia a la participaci\u00f3n en los debates.<\/li>\n<li>Al final del curso, lxs estudiantes entregar\u00e1n y compartir\u00e1n sus conclusiones personales.<\/li>\n<li>Mediante la combinaci\u00f3n de la lectura anal\u00edtica de textos, los debates, el an\u00e1lisis de casos y la investigaci\u00f3n personalizada se espera que los estudiantes logren un aprendizaje reflexivo y cr\u00edtico aplicado a la realidad.<\/li>\n<\/ul>\n<p data-start=\"774\" data-end=\"976\">\n<p data-start=\"978\" data-end=\"1142\">\ud83d\udcad \u00bfTe animas a descubrir c\u00f3mo la Filosof\u00eda Andina nos ofrece respuestas urgentes para la crisis ecol\u00f3gica, las desigualdades de g\u00e9nero y la desmemoria hist\u00f3rica?<\/p>\n<p data-start=\"1144\" data-end=\"1254\" data-is-last-node=\"\">\ud83d\udcda <strong data-start=\"1147\" data-end=\"1167\">M\u00e1s informaci\u00f3n e inscripciones aqu\u00ed: <\/strong>+51 941811923 \/ adhemir.flores@pucp.pe<\/p>\n<p>&nbsp;<\/p>\n<p>&nbsp;<\/p>\n","protected":false},"excerpt":{"rendered":"<p>\u00bfY si el pensamiento filos\u00f3fico no estuviera solo en los libros, sino en la tierra, en la memoria y en la vida misma? \ud83c\udf31\u2728 El nuevo curso de Adhemir Flores, integrante de la Red Internacional de Estudios Interculturales, nos invita a explorar la Filosof\u00eda Andina desde tres ejes fundamentales: \ud83d\udd39 Memoria y resistencia: La lucha de las comunidades andinas frente al olvido y la colonizaci\u00f3n.\ud83d\udd39 G\u00e9nero m\u00e1s all\u00e1 del binario: Masculinidad y feminidad no son opuestos fijos, sino parte de una red de relaciones que incluyen a la naturaleza y el cosmos.\ud83d\udd39 Ecolog\u00eda y reciprocidad: La madre-tierra, la ancestralidad y la vida como un tejido de hermandad y musicalidad. Este curso es m\u00e1s que una introducci\u00f3n te\u00f3rica: es una invitaci\u00f3n a repensar el presente desde una perspectiva que desaf\u00eda el orden existente y reivindica una visi\u00f3n del mundo en estado de gracia. Se dar\u00e1 en la modalidad virtual y se [&hellip;]<\/p>\n","protected":false},"author":19,"featured_media":0,"comment_status":"open","ping_status":"open","sticky":false,"template":"","format":"standard","meta":{"footnotes":""},"categories":[175],"tags":[],"class_list":["post-25585","post","type-post","status-publish","format-standard","hentry","category-curso"],"yoast_head":"<!-- This site is optimized with the Yoast SEO plugin v24.5 - https:\/\/yoast.com\/wordpress\/plugins\/seo\/ -->\n<title>[NUEVO] Seminario Introductorio: Filosof\u00eda Andina, Di\u00e1logo Intercultural sobre Memoria, G\u00e9nero y Ecolog\u00eda - PUCP | RIDEI<\/title>\n<meta name=\"robots\" content=\"index, follow, max-snippet:-1, max-image-preview:large, max-video-preview:-1\" \/>\n<link rel=\"canonical\" href=\"https:\/\/red.pucp.edu.pe\/ridei\/curso\/nuevo-seminario-introductorio-filosofia-andina-dialogo-intercultural-sobre-memoria-genero-y-ecologia\/\" \/>\n<meta property=\"og:locale\" content=\"es_ES\" \/>\n<meta property=\"og:type\" content=\"article\" \/>\n<meta property=\"og:title\" content=\"[NUEVO] Seminario Introductorio: Filosof\u00eda Andina, Di\u00e1logo Intercultural sobre Memoria, G\u00e9nero y Ecolog\u00eda - PUCP | RIDEI\" \/>\n<meta property=\"og:description\" content=\"\u00bfY si el pensamiento filos\u00f3fico no estuviera solo en los libros, sino en la tierra, en la memoria y en la vida misma? \ud83c\udf31\u2728 El nuevo curso de Adhemir Flores, integrante de la Red Internacional de Estudios Interculturales, nos invita a explorar la Filosof\u00eda Andina desde tres ejes fundamentales: \ud83d\udd39 Memoria y resistencia: La lucha de las comunidades andinas frente al olvido y la colonizaci\u00f3n.\ud83d\udd39 G\u00e9nero m\u00e1s all\u00e1 del binario: Masculinidad y feminidad no son opuestos fijos, sino parte de una red de relaciones que incluyen a la naturaleza y el cosmos.\ud83d\udd39 Ecolog\u00eda y reciprocidad: La madre-tierra, la ancestralidad y la vida como un tejido de hermandad y musicalidad. Este curso es m\u00e1s que una introducci\u00f3n te\u00f3rica: es una invitaci\u00f3n a repensar el presente desde una perspectiva que desaf\u00eda el orden existente y reivindica una visi\u00f3n del mundo en estado de gracia. Se dar\u00e1 en la modalidad virtual y se [&hellip;]\" \/>\n<meta property=\"og:url\" content=\"https:\/\/red.pucp.edu.pe\/ridei\/curso\/nuevo-seminario-introductorio-filosofia-andina-dialogo-intercultural-sobre-memoria-genero-y-ecologia\/\" \/>\n<meta property=\"og:site_name\" content=\"PUCP | RIDEI\" \/>\n<meta property=\"article:published_time\" content=\"2025-02-17T20:09:27+00:00\" \/>\n<meta property=\"og:image\" content=\"https:\/\/red.pucp.edu.pe\/ridei\/files\/2025\/02\/pachamama-interior_637708497108323428-690x368.jpg\" \/>\n<meta name=\"author\" content=\"cgiusti\" \/>\n<meta name=\"twitter:card\" content=\"summary_large_image\" \/>\n<meta name=\"twitter:label1\" content=\"Escrito por\" \/>\n\t<meta name=\"twitter:data1\" content=\"cgiusti\" \/>\n\t<meta name=\"twitter:label2\" content=\"Tiempo de lectura\" \/>\n\t<meta name=\"twitter:data2\" content=\"3 minutos\" \/>\n<script type=\"application\/ld+json\" class=\"yoast-schema-graph\">{\"@context\":\"https:\/\/schema.org\",\"@graph\":[{\"@type\":\"WebPage\",\"@id\":\"https:\/\/red.pucp.edu.pe\/ridei\/curso\/nuevo-seminario-introductorio-filosofia-andina-dialogo-intercultural-sobre-memoria-genero-y-ecologia\/\",\"url\":\"https:\/\/red.pucp.edu.pe\/ridei\/curso\/nuevo-seminario-introductorio-filosofia-andina-dialogo-intercultural-sobre-memoria-genero-y-ecologia\/\",\"name\":\"[NUEVO] Seminario Introductorio: Filosof\u00eda Andina, Di\u00e1logo Intercultural sobre Memoria, G\u00e9nero y Ecolog\u00eda - PUCP | RIDEI\",\"isPartOf\":{\"@id\":\"https:\/\/red.pucp.edu.pe\/ridei\/#website\"},\"primaryImageOfPage\":{\"@id\":\"https:\/\/red.pucp.edu.pe\/ridei\/curso\/nuevo-seminario-introductorio-filosofia-andina-dialogo-intercultural-sobre-memoria-genero-y-ecologia\/#primaryimage\"},\"image\":{\"@id\":\"https:\/\/red.pucp.edu.pe\/ridei\/curso\/nuevo-seminario-introductorio-filosofia-andina-dialogo-intercultural-sobre-memoria-genero-y-ecologia\/#primaryimage\"},\"thumbnailUrl\":\"https:\/\/red.pucp.edu.pe\/ridei\/files\/2025\/02\/pachamama-interior_637708497108323428-690x368.jpg\",\"datePublished\":\"2025-02-17T20:09:27+00:00\",\"author\":{\"@id\":\"https:\/\/red.pucp.edu.pe\/ridei\/#\/schema\/person\/6405dffb3719aa77a431aed7aa8d519c\"},\"breadcrumb\":{\"@id\":\"https:\/\/red.pucp.edu.pe\/ridei\/curso\/nuevo-seminario-introductorio-filosofia-andina-dialogo-intercultural-sobre-memoria-genero-y-ecologia\/#breadcrumb\"},\"inLanguage\":\"es\",\"potentialAction\":[{\"@type\":\"ReadAction\",\"target\":[\"https:\/\/red.pucp.edu.pe\/ridei\/curso\/nuevo-seminario-introductorio-filosofia-andina-dialogo-intercultural-sobre-memoria-genero-y-ecologia\/\"]}]},{\"@type\":\"ImageObject\",\"inLanguage\":\"es\",\"@id\":\"https:\/\/red.pucp.edu.pe\/ridei\/curso\/nuevo-seminario-introductorio-filosofia-andina-dialogo-intercultural-sobre-memoria-genero-y-ecologia\/#primaryimage\",\"url\":\"https:\/\/red.pucp.edu.pe\/ridei\/files\/2025\/02\/pachamama-interior_637708497108323428.jpg\",\"contentUrl\":\"https:\/\/red.pucp.edu.pe\/ridei\/files\/2025\/02\/pachamama-interior_637708497108323428.jpg\",\"width\":826,\"height\":440},{\"@type\":\"BreadcrumbList\",\"@id\":\"https:\/\/red.pucp.edu.pe\/ridei\/curso\/nuevo-seminario-introductorio-filosofia-andina-dialogo-intercultural-sobre-memoria-genero-y-ecologia\/#breadcrumb\",\"itemListElement\":[{\"@type\":\"ListItem\",\"position\":1,\"name\":\"Portada\",\"item\":\"https:\/\/red.pucp.edu.pe\/ridei\/\"},{\"@type\":\"ListItem\",\"position\":2,\"name\":\"[NUEVO] Seminario Introductorio: Filosof\u00eda Andina, Di\u00e1logo Intercultural sobre Memoria, G\u00e9nero y Ecolog\u00eda\"}]},{\"@type\":\"WebSite\",\"@id\":\"https:\/\/red.pucp.edu.pe\/ridei\/#website\",\"url\":\"https:\/\/red.pucp.edu.pe\/ridei\/\",\"name\":\"PUCP | RIDEI\",\"description\":\"Red Internacional de estudios Interculturales\",\"potentialAction\":[{\"@type\":\"SearchAction\",\"target\":{\"@type\":\"EntryPoint\",\"urlTemplate\":\"https:\/\/red.pucp.edu.pe\/ridei\/?s={search_term_string}\"},\"query-input\":{\"@type\":\"PropertyValueSpecification\",\"valueRequired\":true,\"valueName\":\"search_term_string\"}}],\"inLanguage\":\"es\"},{\"@type\":\"Person\",\"@id\":\"https:\/\/red.pucp.edu.pe\/ridei\/#\/schema\/person\/6405dffb3719aa77a431aed7aa8d519c\",\"name\":\"cgiusti\",\"image\":{\"@type\":\"ImageObject\",\"inLanguage\":\"es\",\"@id\":\"https:\/\/red.pucp.edu.pe\/ridei\/#\/schema\/person\/image\/\",\"url\":\"https:\/\/secure.gravatar.com\/avatar\/27cc593f08c72f837e699f255de35c61?s=96&d=mm&r=g\",\"contentUrl\":\"https:\/\/secure.gravatar.com\/avatar\/27cc593f08c72f837e699f255de35c61?s=96&d=mm&r=g\",\"caption\":\"cgiusti\"},\"url\":\"https:\/\/red.pucp.edu.pe\/ridei\/author\/cgiusti\/\"}]}<\/script>\n<!-- \/ Yoast SEO plugin. -->","yoast_head_json":{"title":"[NUEVO] Seminario Introductorio: Filosof\u00eda Andina, Di\u00e1logo Intercultural sobre Memoria, G\u00e9nero y Ecolog\u00eda - PUCP | RIDEI","robots":{"index":"index","follow":"follow","max-snippet":"max-snippet:-1","max-image-preview":"max-image-preview:large","max-video-preview":"max-video-preview:-1"},"canonical":"https:\/\/red.pucp.edu.pe\/ridei\/curso\/nuevo-seminario-introductorio-filosofia-andina-dialogo-intercultural-sobre-memoria-genero-y-ecologia\/","og_locale":"es_ES","og_type":"article","og_title":"[NUEVO] Seminario Introductorio: Filosof\u00eda Andina, Di\u00e1logo Intercultural sobre Memoria, G\u00e9nero y Ecolog\u00eda - PUCP | RIDEI","og_description":"\u00bfY si el pensamiento filos\u00f3fico no estuviera solo en los libros, sino en la tierra, en la memoria y en la vida misma? \ud83c\udf31\u2728 El nuevo curso de Adhemir Flores, integrante de la Red Internacional de Estudios Interculturales, nos invita a explorar la Filosof\u00eda Andina desde tres ejes fundamentales: \ud83d\udd39 Memoria y resistencia: La lucha de las comunidades andinas frente al olvido y la colonizaci\u00f3n.\ud83d\udd39 G\u00e9nero m\u00e1s all\u00e1 del binario: Masculinidad y feminidad no son opuestos fijos, sino parte de una red de relaciones que incluyen a la naturaleza y el cosmos.\ud83d\udd39 Ecolog\u00eda y reciprocidad: La madre-tierra, la ancestralidad y la vida como un tejido de hermandad y musicalidad. Este curso es m\u00e1s que una introducci\u00f3n te\u00f3rica: es una invitaci\u00f3n a repensar el presente desde una perspectiva que desaf\u00eda el orden existente y reivindica una visi\u00f3n del mundo en estado de gracia. Se dar\u00e1 en la modalidad virtual y se [&hellip;]","og_url":"https:\/\/red.pucp.edu.pe\/ridei\/curso\/nuevo-seminario-introductorio-filosofia-andina-dialogo-intercultural-sobre-memoria-genero-y-ecologia\/","og_site_name":"PUCP | RIDEI","article_published_time":"2025-02-17T20:09:27+00:00","og_image":[{"url":"https:\/\/red.pucp.edu.pe\/ridei\/files\/2025\/02\/pachamama-interior_637708497108323428-690x368.jpg","type":"","width":"","height":""}],"author":"cgiusti","twitter_card":"summary_large_image","twitter_misc":{"Escrito por":"cgiusti","Tiempo de lectura":"3 minutos"},"schema":{"@context":"https:\/\/schema.org","@graph":[{"@type":"WebPage","@id":"https:\/\/red.pucp.edu.pe\/ridei\/curso\/nuevo-seminario-introductorio-filosofia-andina-dialogo-intercultural-sobre-memoria-genero-y-ecologia\/","url":"https:\/\/red.pucp.edu.pe\/ridei\/curso\/nuevo-seminario-introductorio-filosofia-andina-dialogo-intercultural-sobre-memoria-genero-y-ecologia\/","name":"[NUEVO] Seminario Introductorio: Filosof\u00eda Andina, Di\u00e1logo Intercultural sobre Memoria, G\u00e9nero y Ecolog\u00eda - PUCP | RIDEI","isPartOf":{"@id":"https:\/\/red.pucp.edu.pe\/ridei\/#website"},"primaryImageOfPage":{"@id":"https:\/\/red.pucp.edu.pe\/ridei\/curso\/nuevo-seminario-introductorio-filosofia-andina-dialogo-intercultural-sobre-memoria-genero-y-ecologia\/#primaryimage"},"image":{"@id":"https:\/\/red.pucp.edu.pe\/ridei\/curso\/nuevo-seminario-introductorio-filosofia-andina-dialogo-intercultural-sobre-memoria-genero-y-ecologia\/#primaryimage"},"thumbnailUrl":"https:\/\/red.pucp.edu.pe\/ridei\/files\/2025\/02\/pachamama-interior_637708497108323428-690x368.jpg","datePublished":"2025-02-17T20:09:27+00:00","author":{"@id":"https:\/\/red.pucp.edu.pe\/ridei\/#\/schema\/person\/6405dffb3719aa77a431aed7aa8d519c"},"breadcrumb":{"@id":"https:\/\/red.pucp.edu.pe\/ridei\/curso\/nuevo-seminario-introductorio-filosofia-andina-dialogo-intercultural-sobre-memoria-genero-y-ecologia\/#breadcrumb"},"inLanguage":"es","potentialAction":[{"@type":"ReadAction","target":["https:\/\/red.pucp.edu.pe\/ridei\/curso\/nuevo-seminario-introductorio-filosofia-andina-dialogo-intercultural-sobre-memoria-genero-y-ecologia\/"]}]},{"@type":"ImageObject","inLanguage":"es","@id":"https:\/\/red.pucp.edu.pe\/ridei\/curso\/nuevo-seminario-introductorio-filosofia-andina-dialogo-intercultural-sobre-memoria-genero-y-ecologia\/#primaryimage","url":"https:\/\/red.pucp.edu.pe\/ridei\/files\/2025\/02\/pachamama-interior_637708497108323428.jpg","contentUrl":"https:\/\/red.pucp.edu.pe\/ridei\/files\/2025\/02\/pachamama-interior_637708497108323428.jpg","width":826,"height":440},{"@type":"BreadcrumbList","@id":"https:\/\/red.pucp.edu.pe\/ridei\/curso\/nuevo-seminario-introductorio-filosofia-andina-dialogo-intercultural-sobre-memoria-genero-y-ecologia\/#breadcrumb","itemListElement":[{"@type":"ListItem","position":1,"name":"Portada","item":"https:\/\/red.pucp.edu.pe\/ridei\/"},{"@type":"ListItem","position":2,"name":"[NUEVO] Seminario Introductorio: Filosof\u00eda Andina, Di\u00e1logo Intercultural sobre Memoria, G\u00e9nero y Ecolog\u00eda"}]},{"@type":"WebSite","@id":"https:\/\/red.pucp.edu.pe\/ridei\/#website","url":"https:\/\/red.pucp.edu.pe\/ridei\/","name":"PUCP | RIDEI","description":"Red Internacional de estudios Interculturales","potentialAction":[{"@type":"SearchAction","target":{"@type":"EntryPoint","urlTemplate":"https:\/\/red.pucp.edu.pe\/ridei\/?s={search_term_string}"},"query-input":{"@type":"PropertyValueSpecification","valueRequired":true,"valueName":"search_term_string"}}],"inLanguage":"es"},{"@type":"Person","@id":"https:\/\/red.pucp.edu.pe\/ridei\/#\/schema\/person\/6405dffb3719aa77a431aed7aa8d519c","name":"cgiusti","image":{"@type":"ImageObject","inLanguage":"es","@id":"https:\/\/red.pucp.edu.pe\/ridei\/#\/schema\/person\/image\/","url":"https:\/\/secure.gravatar.com\/avatar\/27cc593f08c72f837e699f255de35c61?s=96&d=mm&r=g","contentUrl":"https:\/\/secure.gravatar.com\/avatar\/27cc593f08c72f837e699f255de35c61?s=96&d=mm&r=g","caption":"cgiusti"},"url":"https:\/\/red.pucp.edu.pe\/ridei\/author\/cgiusti\/"}]}},"_links":{"self":[{"href":"https:\/\/red.pucp.edu.pe\/ridei\/wp-json\/wp\/v2\/posts\/25585","targetHints":{"allow":["GET"]}}],"collection":[{"href":"https:\/\/red.pucp.edu.pe\/ridei\/wp-json\/wp\/v2\/posts"}],"about":[{"href":"https:\/\/red.pucp.edu.pe\/ridei\/wp-json\/wp\/v2\/types\/post"}],"author":[{"embeddable":true,"href":"https:\/\/red.pucp.edu.pe\/ridei\/wp-json\/wp\/v2\/users\/19"}],"replies":[{"embeddable":true,"href":"https:\/\/red.pucp.edu.pe\/ridei\/wp-json\/wp\/v2\/comments?post=25585"}],"version-history":[{"count":0,"href":"https:\/\/red.pucp.edu.pe\/ridei\/wp-json\/wp\/v2\/posts\/25585\/revisions"}],"wp:attachment":[{"href":"https:\/\/red.pucp.edu.pe\/ridei\/wp-json\/wp\/v2\/media?parent=25585"}],"wp:term":[{"taxonomy":"category","embeddable":true,"href":"https:\/\/red.pucp.edu.pe\/ridei\/wp-json\/wp\/v2\/categories?post=25585"},{"taxonomy":"post_tag","embeddable":true,"href":"https:\/\/red.pucp.edu.pe\/ridei\/wp-json\/wp\/v2\/tags?post=25585"}],"curies":[{"name":"wp","href":"https:\/\/api.w.org\/{rel}","templated":true}]}}