{"id":25552,"date":"2023-04-14T18:14:02","date_gmt":"2023-04-14T23:14:02","guid":{"rendered":"https:\/\/red.pucp.edu.pe\/ridei\/?p=25552"},"modified":"2023-04-14T18:14:02","modified_gmt":"2023-04-14T23:14:02","slug":"curso-virtual-mediacion-intercultural-y-accesibiliad-de-los-servicios-sanitarios","status":"publish","type":"post","link":"https:\/\/red.pucp.edu.pe\/ridei\/noticias\/curso-virtual-mediacion-intercultural-y-accesibiliad-de-los-servicios-sanitarios\/","title":{"rendered":"Curso virtual: Mediaci\u00f3n intercultural y accesibiliad de los servicios sanitarios"},"content":{"rendered":"<p><img loading=\"lazy\" decoding=\"async\" class=\"aligncenter size-large wp-image-25553\" src=\"https:\/\/red.pucp.edu.pe\/ridei\/files\/2023\/04\/4a8acd81-8da8-e661-14ed-cba3a3401795-690x387.jpg\" alt=\"\" width=\"690\" height=\"387\" srcset=\"https:\/\/red.pucp.edu.pe\/ridei\/files\/2023\/04\/4a8acd81-8da8-e661-14ed-cba3a3401795-690x387.jpg 690w, https:\/\/red.pucp.edu.pe\/ridei\/files\/2023\/04\/4a8acd81-8da8-e661-14ed-cba3a3401795-300x168.jpg 300w, https:\/\/red.pucp.edu.pe\/ridei\/files\/2023\/04\/4a8acd81-8da8-e661-14ed-cba3a3401795-768x430.jpg 768w, https:\/\/red.pucp.edu.pe\/ridei\/files\/2023\/04\/4a8acd81-8da8-e661-14ed-cba3a3401795.jpg 1042w\" sizes=\"auto, (max-width: 690px) 100vw, 690px\" \/><\/p>\n<p>&nbsp;<\/p>\n<p>Durante 04 fechas, la Dra. Franca Zadra comparti\u00f3 sus conocimientos\u00a0sobre la diversidad cultural y la accesibilidad de los servicios de salud, nociones b\u00e1sicas sobre el desarrollo de las competencias necesarias para una comunicaci\u00f3n intercultural eficaz, as\u00ed como el perfil profesional de los mediadores interculturales, y las m\u00faltiples \u00e1reas de los servicios de salud en las cuales ellos podr\u00edan insertarse.<\/p>\n<p><strong>FRANCA ZADRA:<\/strong><\/p>\n<p>Licenciada en Filosof\u00eda en la Pontificia Universidad Cat\u00f3lica del Per\u00fa, Laurea Magistrale en Filosof\u00eda y Lenguajes de la Modernidad en la Universit\u00e0 degli Studi di Trento (Italia) y PhD. en pedagog\u00eda social en la Freie Universit\u00e4t Bozen (Italia), con una tesis sobre la innovaci\u00f3n social de los servicios sanitarios para un mejor acceso de los pacientes inmigrados. Visiting scholar en la Universidad de Gent (B\u00e8lgica), en la Universidad de Bielefeld (Alemania) y por tres meses guest researcher en el Max Planck Institute for Social Law and Social Policy en M\u00fcnchen (Alemania).<\/p>\n<p>Actualmente es investigadora en el \u00e1rea de Sociolog\u00eda en la Freie Universit\u00e4t Bozen (Italia), en el proyecto FARm, co-financiado por la Uni\u00f3n Europea y los Ministerios Italianos del Interior y del Trabajo y Pol\u00edticas Sociales, proyecto que tiene como objeto co-construir conocimientos, intervenciones y redes preventivas contra el tr\u00e1fico de seres humanos, y la explotaci\u00f3n sexual o laboral de los inmigrados en el Norte de Italia, particularmente en el contexto agr\u00edcola.<\/p>\n<p><strong>\u00bfQuieres consultar los materiales que revisamos?<\/strong><\/p>\n<p>Puedes revisar todos los contenidos revisados durante las cuatros sesiones en la siguiente carpeta:\u00a0<a href=\"https:\/\/drive.google.com\/drive\/folders\/1Qnve7cBsiyhuIUhkkwgYMa6OJjT1umjM\" target=\"_blank\" rel=\"noopener\">https:\/\/drive.google.com\/drive\/folders\/1Qnve7cBsiyhuIUhkkwgYMa6OJjT1umjM<\/a><\/p>\n<p>&nbsp;<\/p>\n<p>&nbsp;<\/p>\n","protected":false},"excerpt":{"rendered":"<p>&nbsp; Durante 04 fechas, la Dra. Franca Zadra comparti\u00f3 sus conocimientos\u00a0sobre la diversidad cultural y la accesibilidad de los servicios de salud, nociones b\u00e1sicas sobre el desarrollo de las competencias necesarias para una comunicaci\u00f3n intercultural eficaz, as\u00ed como el perfil profesional de los mediadores interculturales, y las m\u00faltiples \u00e1reas de los servicios de salud en las cuales ellos podr\u00edan insertarse. FRANCA ZADRA: Licenciada en Filosof\u00eda en la Pontificia Universidad Cat\u00f3lica del Per\u00fa, Laurea Magistrale en Filosof\u00eda y Lenguajes de la Modernidad en la Universit\u00e0 degli Studi di Trento (Italia) y PhD. en pedagog\u00eda social en la Freie Universit\u00e4t Bozen (Italia), con una tesis sobre la innovaci\u00f3n social de los servicios sanitarios para un mejor acceso de los pacientes inmigrados. Visiting scholar en la Universidad de Gent (B\u00e8lgica), en la Universidad de Bielefeld (Alemania) y por tres meses guest researcher en el Max Planck Institute for Social Law and Social Policy [&hellip;]<\/p>\n","protected":false},"author":19,"featured_media":0,"comment_status":"open","ping_status":"open","sticky":false,"template":"","format":"standard","meta":{"footnotes":""},"categories":[1],"tags":[],"class_list":["post-25552","post","type-post","status-publish","format-standard","hentry","category-noticias"],"yoast_head":"<!-- This site is optimized with the Yoast SEO plugin v24.5 - https:\/\/yoast.com\/wordpress\/plugins\/seo\/ -->\n<title>Curso virtual: Mediaci\u00f3n intercultural y accesibiliad de los servicios sanitarios - PUCP | RIDEI<\/title>\n<meta name=\"robots\" content=\"index, follow, max-snippet:-1, max-image-preview:large, max-video-preview:-1\" \/>\n<link rel=\"canonical\" href=\"https:\/\/red.pucp.edu.pe\/ridei\/noticias\/curso-virtual-mediacion-intercultural-y-accesibiliad-de-los-servicios-sanitarios\/\" \/>\n<meta property=\"og:locale\" content=\"es_ES\" \/>\n<meta property=\"og:type\" content=\"article\" \/>\n<meta property=\"og:title\" content=\"Curso virtual: Mediaci\u00f3n intercultural y accesibiliad de los servicios sanitarios - PUCP | RIDEI\" \/>\n<meta property=\"og:description\" content=\"&nbsp; Durante 04 fechas, la Dra. Franca Zadra comparti\u00f3 sus conocimientos\u00a0sobre la diversidad cultural y la accesibilidad de los servicios de salud, nociones b\u00e1sicas sobre el desarrollo de las competencias necesarias para una comunicaci\u00f3n intercultural eficaz, as\u00ed como el perfil profesional de los mediadores interculturales, y las m\u00faltiples \u00e1reas de los servicios de salud en las cuales ellos podr\u00edan insertarse. FRANCA ZADRA: Licenciada en Filosof\u00eda en la Pontificia Universidad Cat\u00f3lica del Per\u00fa, Laurea Magistrale en Filosof\u00eda y Lenguajes de la Modernidad en la Universit\u00e0 degli Studi di Trento (Italia) y PhD. en pedagog\u00eda social en la Freie Universit\u00e4t Bozen (Italia), con una tesis sobre la innovaci\u00f3n social de los servicios sanitarios para un mejor acceso de los pacientes inmigrados. Visiting scholar en la Universidad de Gent (B\u00e8lgica), en la Universidad de Bielefeld (Alemania) y por tres meses guest researcher en el Max Planck Institute for Social Law and Social Policy [&hellip;]\" \/>\n<meta property=\"og:url\" content=\"https:\/\/red.pucp.edu.pe\/ridei\/noticias\/curso-virtual-mediacion-intercultural-y-accesibiliad-de-los-servicios-sanitarios\/\" \/>\n<meta property=\"og:site_name\" content=\"PUCP | RIDEI\" \/>\n<meta property=\"article:published_time\" content=\"2023-04-14T23:14:02+00:00\" \/>\n<meta property=\"og:image\" content=\"https:\/\/red.pucp.edu.pe\/ridei\/files\/2023\/04\/4a8acd81-8da8-e661-14ed-cba3a3401795-690x387.jpg\" \/>\n<meta name=\"author\" content=\"cgiusti\" \/>\n<meta name=\"twitter:card\" content=\"summary_large_image\" \/>\n<meta name=\"twitter:label1\" content=\"Escrito por\" \/>\n\t<meta name=\"twitter:data1\" content=\"cgiusti\" \/>\n\t<meta name=\"twitter:label2\" content=\"Tiempo de lectura\" \/>\n\t<meta name=\"twitter:data2\" content=\"1 minuto\" \/>\n<script type=\"application\/ld+json\" class=\"yoast-schema-graph\">{\"@context\":\"https:\/\/schema.org\",\"@graph\":[{\"@type\":\"WebPage\",\"@id\":\"https:\/\/red.pucp.edu.pe\/ridei\/noticias\/curso-virtual-mediacion-intercultural-y-accesibiliad-de-los-servicios-sanitarios\/\",\"url\":\"https:\/\/red.pucp.edu.pe\/ridei\/noticias\/curso-virtual-mediacion-intercultural-y-accesibiliad-de-los-servicios-sanitarios\/\",\"name\":\"Curso virtual: Mediaci\u00f3n intercultural y accesibiliad de los servicios sanitarios - PUCP | RIDEI\",\"isPartOf\":{\"@id\":\"https:\/\/red.pucp.edu.pe\/ridei\/#website\"},\"primaryImageOfPage\":{\"@id\":\"https:\/\/red.pucp.edu.pe\/ridei\/noticias\/curso-virtual-mediacion-intercultural-y-accesibiliad-de-los-servicios-sanitarios\/#primaryimage\"},\"image\":{\"@id\":\"https:\/\/red.pucp.edu.pe\/ridei\/noticias\/curso-virtual-mediacion-intercultural-y-accesibiliad-de-los-servicios-sanitarios\/#primaryimage\"},\"thumbnailUrl\":\"https:\/\/red.pucp.edu.pe\/ridei\/files\/2023\/04\/4a8acd81-8da8-e661-14ed-cba3a3401795-690x387.jpg\",\"datePublished\":\"2023-04-14T23:14:02+00:00\",\"author\":{\"@id\":\"https:\/\/red.pucp.edu.pe\/ridei\/#\/schema\/person\/6405dffb3719aa77a431aed7aa8d519c\"},\"breadcrumb\":{\"@id\":\"https:\/\/red.pucp.edu.pe\/ridei\/noticias\/curso-virtual-mediacion-intercultural-y-accesibiliad-de-los-servicios-sanitarios\/#breadcrumb\"},\"inLanguage\":\"es\",\"potentialAction\":[{\"@type\":\"ReadAction\",\"target\":[\"https:\/\/red.pucp.edu.pe\/ridei\/noticias\/curso-virtual-mediacion-intercultural-y-accesibiliad-de-los-servicios-sanitarios\/\"]}]},{\"@type\":\"ImageObject\",\"inLanguage\":\"es\",\"@id\":\"https:\/\/red.pucp.edu.pe\/ridei\/noticias\/curso-virtual-mediacion-intercultural-y-accesibiliad-de-los-servicios-sanitarios\/#primaryimage\",\"url\":\"https:\/\/red.pucp.edu.pe\/ridei\/files\/2023\/04\/4a8acd81-8da8-e661-14ed-cba3a3401795.jpg\",\"contentUrl\":\"https:\/\/red.pucp.edu.pe\/ridei\/files\/2023\/04\/4a8acd81-8da8-e661-14ed-cba3a3401795.jpg\",\"width\":1042,\"height\":584},{\"@type\":\"BreadcrumbList\",\"@id\":\"https:\/\/red.pucp.edu.pe\/ridei\/noticias\/curso-virtual-mediacion-intercultural-y-accesibiliad-de-los-servicios-sanitarios\/#breadcrumb\",\"itemListElement\":[{\"@type\":\"ListItem\",\"position\":1,\"name\":\"Portada\",\"item\":\"https:\/\/red.pucp.edu.pe\/ridei\/\"},{\"@type\":\"ListItem\",\"position\":2,\"name\":\"Curso virtual: Mediaci\u00f3n intercultural y accesibiliad de los servicios sanitarios\"}]},{\"@type\":\"WebSite\",\"@id\":\"https:\/\/red.pucp.edu.pe\/ridei\/#website\",\"url\":\"https:\/\/red.pucp.edu.pe\/ridei\/\",\"name\":\"PUCP | RIDEI\",\"description\":\"Red Internacional de estudios Interculturales\",\"potentialAction\":[{\"@type\":\"SearchAction\",\"target\":{\"@type\":\"EntryPoint\",\"urlTemplate\":\"https:\/\/red.pucp.edu.pe\/ridei\/?s={search_term_string}\"},\"query-input\":{\"@type\":\"PropertyValueSpecification\",\"valueRequired\":true,\"valueName\":\"search_term_string\"}}],\"inLanguage\":\"es\"},{\"@type\":\"Person\",\"@id\":\"https:\/\/red.pucp.edu.pe\/ridei\/#\/schema\/person\/6405dffb3719aa77a431aed7aa8d519c\",\"name\":\"cgiusti\",\"image\":{\"@type\":\"ImageObject\",\"inLanguage\":\"es\",\"@id\":\"https:\/\/red.pucp.edu.pe\/ridei\/#\/schema\/person\/image\/\",\"url\":\"https:\/\/secure.gravatar.com\/avatar\/27cc593f08c72f837e699f255de35c61?s=96&d=mm&r=g\",\"contentUrl\":\"https:\/\/secure.gravatar.com\/avatar\/27cc593f08c72f837e699f255de35c61?s=96&d=mm&r=g\",\"caption\":\"cgiusti\"},\"url\":\"https:\/\/red.pucp.edu.pe\/ridei\/author\/cgiusti\/\"}]}<\/script>\n<!-- \/ Yoast SEO plugin. -->","yoast_head_json":{"title":"Curso virtual: Mediaci\u00f3n intercultural y accesibiliad de los servicios sanitarios - PUCP | RIDEI","robots":{"index":"index","follow":"follow","max-snippet":"max-snippet:-1","max-image-preview":"max-image-preview:large","max-video-preview":"max-video-preview:-1"},"canonical":"https:\/\/red.pucp.edu.pe\/ridei\/noticias\/curso-virtual-mediacion-intercultural-y-accesibiliad-de-los-servicios-sanitarios\/","og_locale":"es_ES","og_type":"article","og_title":"Curso virtual: Mediaci\u00f3n intercultural y accesibiliad de los servicios sanitarios - PUCP | RIDEI","og_description":"&nbsp; Durante 04 fechas, la Dra. Franca Zadra comparti\u00f3 sus conocimientos\u00a0sobre la diversidad cultural y la accesibilidad de los servicios de salud, nociones b\u00e1sicas sobre el desarrollo de las competencias necesarias para una comunicaci\u00f3n intercultural eficaz, as\u00ed como el perfil profesional de los mediadores interculturales, y las m\u00faltiples \u00e1reas de los servicios de salud en las cuales ellos podr\u00edan insertarse. FRANCA ZADRA: Licenciada en Filosof\u00eda en la Pontificia Universidad Cat\u00f3lica del Per\u00fa, Laurea Magistrale en Filosof\u00eda y Lenguajes de la Modernidad en la Universit\u00e0 degli Studi di Trento (Italia) y PhD. en pedagog\u00eda social en la Freie Universit\u00e4t Bozen (Italia), con una tesis sobre la innovaci\u00f3n social de los servicios sanitarios para un mejor acceso de los pacientes inmigrados. Visiting scholar en la Universidad de Gent (B\u00e8lgica), en la Universidad de Bielefeld (Alemania) y por tres meses guest researcher en el Max Planck Institute for Social Law and Social Policy [&hellip;]","og_url":"https:\/\/red.pucp.edu.pe\/ridei\/noticias\/curso-virtual-mediacion-intercultural-y-accesibiliad-de-los-servicios-sanitarios\/","og_site_name":"PUCP | RIDEI","article_published_time":"2023-04-14T23:14:02+00:00","og_image":[{"url":"https:\/\/red.pucp.edu.pe\/ridei\/files\/2023\/04\/4a8acd81-8da8-e661-14ed-cba3a3401795-690x387.jpg","type":"","width":"","height":""}],"author":"cgiusti","twitter_card":"summary_large_image","twitter_misc":{"Escrito por":"cgiusti","Tiempo de lectura":"1 minuto"},"schema":{"@context":"https:\/\/schema.org","@graph":[{"@type":"WebPage","@id":"https:\/\/red.pucp.edu.pe\/ridei\/noticias\/curso-virtual-mediacion-intercultural-y-accesibiliad-de-los-servicios-sanitarios\/","url":"https:\/\/red.pucp.edu.pe\/ridei\/noticias\/curso-virtual-mediacion-intercultural-y-accesibiliad-de-los-servicios-sanitarios\/","name":"Curso virtual: Mediaci\u00f3n intercultural y accesibiliad de los servicios sanitarios - PUCP | RIDEI","isPartOf":{"@id":"https:\/\/red.pucp.edu.pe\/ridei\/#website"},"primaryImageOfPage":{"@id":"https:\/\/red.pucp.edu.pe\/ridei\/noticias\/curso-virtual-mediacion-intercultural-y-accesibiliad-de-los-servicios-sanitarios\/#primaryimage"},"image":{"@id":"https:\/\/red.pucp.edu.pe\/ridei\/noticias\/curso-virtual-mediacion-intercultural-y-accesibiliad-de-los-servicios-sanitarios\/#primaryimage"},"thumbnailUrl":"https:\/\/red.pucp.edu.pe\/ridei\/files\/2023\/04\/4a8acd81-8da8-e661-14ed-cba3a3401795-690x387.jpg","datePublished":"2023-04-14T23:14:02+00:00","author":{"@id":"https:\/\/red.pucp.edu.pe\/ridei\/#\/schema\/person\/6405dffb3719aa77a431aed7aa8d519c"},"breadcrumb":{"@id":"https:\/\/red.pucp.edu.pe\/ridei\/noticias\/curso-virtual-mediacion-intercultural-y-accesibiliad-de-los-servicios-sanitarios\/#breadcrumb"},"inLanguage":"es","potentialAction":[{"@type":"ReadAction","target":["https:\/\/red.pucp.edu.pe\/ridei\/noticias\/curso-virtual-mediacion-intercultural-y-accesibiliad-de-los-servicios-sanitarios\/"]}]},{"@type":"ImageObject","inLanguage":"es","@id":"https:\/\/red.pucp.edu.pe\/ridei\/noticias\/curso-virtual-mediacion-intercultural-y-accesibiliad-de-los-servicios-sanitarios\/#primaryimage","url":"https:\/\/red.pucp.edu.pe\/ridei\/files\/2023\/04\/4a8acd81-8da8-e661-14ed-cba3a3401795.jpg","contentUrl":"https:\/\/red.pucp.edu.pe\/ridei\/files\/2023\/04\/4a8acd81-8da8-e661-14ed-cba3a3401795.jpg","width":1042,"height":584},{"@type":"BreadcrumbList","@id":"https:\/\/red.pucp.edu.pe\/ridei\/noticias\/curso-virtual-mediacion-intercultural-y-accesibiliad-de-los-servicios-sanitarios\/#breadcrumb","itemListElement":[{"@type":"ListItem","position":1,"name":"Portada","item":"https:\/\/red.pucp.edu.pe\/ridei\/"},{"@type":"ListItem","position":2,"name":"Curso virtual: Mediaci\u00f3n intercultural y accesibiliad de los servicios sanitarios"}]},{"@type":"WebSite","@id":"https:\/\/red.pucp.edu.pe\/ridei\/#website","url":"https:\/\/red.pucp.edu.pe\/ridei\/","name":"PUCP | RIDEI","description":"Red Internacional de estudios Interculturales","potentialAction":[{"@type":"SearchAction","target":{"@type":"EntryPoint","urlTemplate":"https:\/\/red.pucp.edu.pe\/ridei\/?s={search_term_string}"},"query-input":{"@type":"PropertyValueSpecification","valueRequired":true,"valueName":"search_term_string"}}],"inLanguage":"es"},{"@type":"Person","@id":"https:\/\/red.pucp.edu.pe\/ridei\/#\/schema\/person\/6405dffb3719aa77a431aed7aa8d519c","name":"cgiusti","image":{"@type":"ImageObject","inLanguage":"es","@id":"https:\/\/red.pucp.edu.pe\/ridei\/#\/schema\/person\/image\/","url":"https:\/\/secure.gravatar.com\/avatar\/27cc593f08c72f837e699f255de35c61?s=96&d=mm&r=g","contentUrl":"https:\/\/secure.gravatar.com\/avatar\/27cc593f08c72f837e699f255de35c61?s=96&d=mm&r=g","caption":"cgiusti"},"url":"https:\/\/red.pucp.edu.pe\/ridei\/author\/cgiusti\/"}]}},"_links":{"self":[{"href":"https:\/\/red.pucp.edu.pe\/ridei\/wp-json\/wp\/v2\/posts\/25552","targetHints":{"allow":["GET"]}}],"collection":[{"href":"https:\/\/red.pucp.edu.pe\/ridei\/wp-json\/wp\/v2\/posts"}],"about":[{"href":"https:\/\/red.pucp.edu.pe\/ridei\/wp-json\/wp\/v2\/types\/post"}],"author":[{"embeddable":true,"href":"https:\/\/red.pucp.edu.pe\/ridei\/wp-json\/wp\/v2\/users\/19"}],"replies":[{"embeddable":true,"href":"https:\/\/red.pucp.edu.pe\/ridei\/wp-json\/wp\/v2\/comments?post=25552"}],"version-history":[{"count":0,"href":"https:\/\/red.pucp.edu.pe\/ridei\/wp-json\/wp\/v2\/posts\/25552\/revisions"}],"wp:attachment":[{"href":"https:\/\/red.pucp.edu.pe\/ridei\/wp-json\/wp\/v2\/media?parent=25552"}],"wp:term":[{"taxonomy":"category","embeddable":true,"href":"https:\/\/red.pucp.edu.pe\/ridei\/wp-json\/wp\/v2\/categories?post=25552"},{"taxonomy":"post_tag","embeddable":true,"href":"https:\/\/red.pucp.edu.pe\/ridei\/wp-json\/wp\/v2\/tags?post=25552"}],"curies":[{"name":"wp","href":"https:\/\/api.w.org\/{rel}","templated":true}]}}