{"id":24945,"date":"2018-06-14T12:05:44","date_gmt":"2018-06-14T17:05:44","guid":{"rendered":"https:\/\/red.pucp.edu.pe\/ridei\/?p=24945"},"modified":"2018-06-14T12:05:44","modified_gmt":"2018-06-14T17:05:44","slug":"cantagallo-asi-vive-la-comunidad-shipibo-konibo-a-20-meses-del-incendio","status":"publish","type":"post","link":"https:\/\/red.pucp.edu.pe\/ridei\/noticias\/cantagallo-asi-vive-la-comunidad-shipibo-konibo-a-20-meses-del-incendio\/","title":{"rendered":"Cantagallo: as\u00ed vive la comunidad Shipibo-Konibo a 20 meses del incendio"},"content":{"rendered":"<p><img loading=\"lazy\" decoding=\"async\" class=\"aligncenter  wp-image-24947\" style=\"font-style: normal;font-weight: 400;margin-top: 0.857143rem;margin-bottom: 0.857143rem\" src=\"https:\/\/red.pucp.edu.pe\/ridei\/files\/2018\/06\/5b21351126008-690x396.jpeg\" alt=\"\" width=\"613\" height=\"352\" srcset=\"https:\/\/red.pucp.edu.pe\/ridei\/files\/2018\/06\/5b21351126008-690x396.jpeg 690w, https:\/\/red.pucp.edu.pe\/ridei\/files\/2018\/06\/5b21351126008-300x172.jpeg 300w, https:\/\/red.pucp.edu.pe\/ridei\/files\/2018\/06\/5b21351126008-768x441.jpeg 768w, https:\/\/red.pucp.edu.pe\/ridei\/files\/2018\/06\/5b21351126008.jpeg 1214w\" sizes=\"auto, (max-width: 613px) 100vw, 613px\" \/><\/p>\n<h2 id=\"p527448-m621-2-622\" class=\"news-summary\">El Comercio comprob\u00f3 esta semana que muchos de los comuneros han vuelto a ocupar la misma zona que se incendi\u00f3. All\u00ed han levantado casas con listones de madera.<\/h2>\n<p id=\"p527448-m360-359-361\" class=\"parrafo first-parrafo\"><b>El Comercio<\/b>\u00a0comprob\u00f3 esta semana que muchos de los integrantes de la comunidad\u00a0Shipibo-Konibo en\u00a0<b><a href=\"https:\/\/elcomercio.pe\/noticias\/cantagallo\">Cantagallo<\/a><\/b>\u00a0han vuelto a ocupar la misma zona que se incendi\u00f3 en noviembre de 2016. All\u00ed han levantado casas con listones de madera. Algunas son de dos pisos y sus due\u00f1os utilizan escaleras de mano para acceder a los niveles superiores.<\/p>\n<p id=\"p527448-m616-2-617\" class=\"parrafo first-parrafo\">Las calles son una suerte de laberinto. Hay pasadizos angostos y sin salida. Son trampas potenciales en las cuales se extienden cordeles para tender ropa entre cables el\u00e9ctricos. Se dan all\u00ed todas las condiciones necesarias para que ocurra otra cat\u00e1strofe.<\/p>\n<p><img loading=\"lazy\" decoding=\"async\" class=\" wp-image-24946 alignright\" style=\"font-style: normal;font-weight: 400;margin-top: 0.857143rem;margin-bottom: 0.857143rem;margin-left: 1.71429rem\" src=\"https:\/\/red.pucp.edu.pe\/ridei\/files\/2018\/06\/5b21358e8b0a4-690x396.jpeg\" alt=\"\" width=\"495\" height=\"284\" srcset=\"https:\/\/red.pucp.edu.pe\/ridei\/files\/2018\/06\/5b21358e8b0a4-690x396.jpeg 690w, https:\/\/red.pucp.edu.pe\/ridei\/files\/2018\/06\/5b21358e8b0a4-300x172.jpeg 300w, https:\/\/red.pucp.edu.pe\/ridei\/files\/2018\/06\/5b21358e8b0a4-768x441.jpeg 768w, https:\/\/red.pucp.edu.pe\/ridei\/files\/2018\/06\/5b21358e8b0a4.jpeg 1214w\" sizes=\"auto, (max-width: 495px) 100vw, 495px\" \/><\/p>\n<p id=\"p527448-m626-3-627\" class=\"parrafo first-parrafo\">En noviembre pasado,\u00a0el ministro de Vivienda y Saneamiento, Carlos Bruce, anunci\u00f3 que en el lugar se construir\u00e1 el Conjunto Habitacional Comunidad Buen Vivir Jakonax Jati Jema, con una inversi\u00f3n de S\/23 millones.<\/p>\n<p id=\"p527448-m631-4-632\" class=\"parrafo first-parrafo\">El proyecto contempla 238 lotes unifamiliares de 50 metros cuadrados cada uno. Tambi\u00e9n contar\u00e1 con servicios de agua, desag\u00fce y electricidad, un colegio biling\u00fce espa\u00f1ol-shipibo, parque con losa deportiva, pasajes peatonales, estacionamientos p\u00fablicos y una feria artesanal.<\/p>\n<p id=\"p527448-m636-5-637\" class=\"parrafo first-parrafo\">A excepci\u00f3n de que el terreno fue emparejado con maquinaria pesada, nada se ha avanzado. Todav\u00eda no se ha elaborado ni la ficha t\u00e9cnica del dise\u00f1o y ejecuci\u00f3n del proyecto. Seg\u00fan Vivienda, los retrasos se deben a que la Municipalidad de Lima no ha establecido correctamente los linderos del terreno.<\/p>\n<p id=\"p527448-m636-5-637\" class=\"parrafo first-parrafo\">\n","protected":false},"excerpt":{"rendered":"<p>El Comercio comprob\u00f3 esta semana que muchos de los comuneros han vuelto a ocupar la misma zona que se incendi\u00f3. All\u00ed han levantado casas con listones de madera. El Comercio\u00a0comprob\u00f3 esta semana que muchos de los integrantes de la comunidad\u00a0Shipibo-Konibo en\u00a0Cantagallo\u00a0han vuelto a ocupar la misma zona que se incendi\u00f3 en noviembre de 2016. All\u00ed han levantado casas con listones de madera. Algunas son de dos pisos y sus due\u00f1os utilizan escaleras de mano para acceder a los niveles superiores. Las calles son una suerte de laberinto. Hay pasadizos angostos y sin salida. Son trampas potenciales en las cuales se extienden cordeles para tender ropa entre cables el\u00e9ctricos. Se dan all\u00ed todas las condiciones necesarias para que ocurra otra cat\u00e1strofe. En noviembre pasado,\u00a0el ministro de Vivienda y Saneamiento, Carlos Bruce, anunci\u00f3 que en el lugar se construir\u00e1 el Conjunto Habitacional Comunidad Buen Vivir Jakonax Jati Jema, con una inversi\u00f3n de [&hellip;]<\/p>\n","protected":false},"author":5,"featured_media":0,"comment_status":"open","ping_status":"open","sticky":false,"template":"","format":"standard","meta":{"footnotes":""},"categories":[1,94],"tags":[],"class_list":["post-24945","post","type-post","status-publish","format-standard","hentry","category-noticias","category-pueblos-indigenas"],"yoast_head":"<!-- This site is optimized with the Yoast SEO plugin v24.5 - https:\/\/yoast.com\/wordpress\/plugins\/seo\/ -->\n<title>Cantagallo: as\u00ed vive la comunidad Shipibo-Konibo a 20 meses del incendio - PUCP | RIDEI<\/title>\n<meta name=\"robots\" content=\"index, follow, max-snippet:-1, max-image-preview:large, max-video-preview:-1\" \/>\n<link rel=\"canonical\" href=\"https:\/\/red.pucp.edu.pe\/ridei\/noticias\/cantagallo-asi-vive-la-comunidad-shipibo-konibo-a-20-meses-del-incendio\/\" \/>\n<meta property=\"og:locale\" content=\"es_ES\" \/>\n<meta property=\"og:type\" content=\"article\" \/>\n<meta property=\"og:title\" content=\"Cantagallo: as\u00ed vive la comunidad Shipibo-Konibo a 20 meses del incendio - PUCP | RIDEI\" \/>\n<meta property=\"og:description\" content=\"El Comercio comprob\u00f3 esta semana que muchos de los comuneros han vuelto a ocupar la misma zona que se incendi\u00f3. All\u00ed han levantado casas con listones de madera. El Comercio\u00a0comprob\u00f3 esta semana que muchos de los integrantes de la comunidad\u00a0Shipibo-Konibo en\u00a0Cantagallo\u00a0han vuelto a ocupar la misma zona que se incendi\u00f3 en noviembre de 2016. All\u00ed han levantado casas con listones de madera. Algunas son de dos pisos y sus due\u00f1os utilizan escaleras de mano para acceder a los niveles superiores. Las calles son una suerte de laberinto. Hay pasadizos angostos y sin salida. Son trampas potenciales en las cuales se extienden cordeles para tender ropa entre cables el\u00e9ctricos. Se dan all\u00ed todas las condiciones necesarias para que ocurra otra cat\u00e1strofe. En noviembre pasado,\u00a0el ministro de Vivienda y Saneamiento, Carlos Bruce, anunci\u00f3 que en el lugar se construir\u00e1 el Conjunto Habitacional Comunidad Buen Vivir Jakonax Jati Jema, con una inversi\u00f3n de [&hellip;]\" \/>\n<meta property=\"og:url\" content=\"https:\/\/red.pucp.edu.pe\/ridei\/noticias\/cantagallo-asi-vive-la-comunidad-shipibo-konibo-a-20-meses-del-incendio\/\" \/>\n<meta property=\"og:site_name\" content=\"PUCP | RIDEI\" \/>\n<meta property=\"article:published_time\" content=\"2018-06-14T17:05:44+00:00\" \/>\n<meta property=\"og:image\" content=\"https:\/\/red.pucp.edu.pe\/ridei\/files\/2018\/06\/5b21351126008-690x396.jpeg\" \/>\n<meta name=\"author\" content=\"Daniel Antonio S\u00e1nchez Ortiz\" \/>\n<meta name=\"twitter:card\" content=\"summary_large_image\" \/>\n<meta name=\"twitter:label1\" content=\"Escrito por\" \/>\n\t<meta name=\"twitter:data1\" content=\"Daniel Antonio S\u00e1nchez Ortiz\" \/>\n\t<meta name=\"twitter:label2\" content=\"Tiempo de lectura\" \/>\n\t<meta name=\"twitter:data2\" content=\"1 minuto\" \/>\n<script type=\"application\/ld+json\" class=\"yoast-schema-graph\">{\"@context\":\"https:\/\/schema.org\",\"@graph\":[{\"@type\":\"WebPage\",\"@id\":\"https:\/\/red.pucp.edu.pe\/ridei\/noticias\/cantagallo-asi-vive-la-comunidad-shipibo-konibo-a-20-meses-del-incendio\/\",\"url\":\"https:\/\/red.pucp.edu.pe\/ridei\/noticias\/cantagallo-asi-vive-la-comunidad-shipibo-konibo-a-20-meses-del-incendio\/\",\"name\":\"Cantagallo: as\u00ed vive la comunidad Shipibo-Konibo a 20 meses del incendio - PUCP | RIDEI\",\"isPartOf\":{\"@id\":\"https:\/\/red.pucp.edu.pe\/ridei\/#website\"},\"primaryImageOfPage\":{\"@id\":\"https:\/\/red.pucp.edu.pe\/ridei\/noticias\/cantagallo-asi-vive-la-comunidad-shipibo-konibo-a-20-meses-del-incendio\/#primaryimage\"},\"image\":{\"@id\":\"https:\/\/red.pucp.edu.pe\/ridei\/noticias\/cantagallo-asi-vive-la-comunidad-shipibo-konibo-a-20-meses-del-incendio\/#primaryimage\"},\"thumbnailUrl\":\"https:\/\/red.pucp.edu.pe\/ridei\/files\/2018\/06\/5b21351126008-690x396.jpeg\",\"datePublished\":\"2018-06-14T17:05:44+00:00\",\"author\":{\"@id\":\"https:\/\/red.pucp.edu.pe\/ridei\/#\/schema\/person\/07b47465514215a786e9ca72230c399e\"},\"breadcrumb\":{\"@id\":\"https:\/\/red.pucp.edu.pe\/ridei\/noticias\/cantagallo-asi-vive-la-comunidad-shipibo-konibo-a-20-meses-del-incendio\/#breadcrumb\"},\"inLanguage\":\"es\",\"potentialAction\":[{\"@type\":\"ReadAction\",\"target\":[\"https:\/\/red.pucp.edu.pe\/ridei\/noticias\/cantagallo-asi-vive-la-comunidad-shipibo-konibo-a-20-meses-del-incendio\/\"]}]},{\"@type\":\"ImageObject\",\"inLanguage\":\"es\",\"@id\":\"https:\/\/red.pucp.edu.pe\/ridei\/noticias\/cantagallo-asi-vive-la-comunidad-shipibo-konibo-a-20-meses-del-incendio\/#primaryimage\",\"url\":\"https:\/\/red.pucp.edu.pe\/ridei\/files\/2018\/06\/5b21351126008.jpeg\",\"contentUrl\":\"https:\/\/red.pucp.edu.pe\/ridei\/files\/2018\/06\/5b21351126008.jpeg\",\"width\":1214,\"height\":697},{\"@type\":\"BreadcrumbList\",\"@id\":\"https:\/\/red.pucp.edu.pe\/ridei\/noticias\/cantagallo-asi-vive-la-comunidad-shipibo-konibo-a-20-meses-del-incendio\/#breadcrumb\",\"itemListElement\":[{\"@type\":\"ListItem\",\"position\":1,\"name\":\"Portada\",\"item\":\"https:\/\/red.pucp.edu.pe\/ridei\/\"},{\"@type\":\"ListItem\",\"position\":2,\"name\":\"Cantagallo: as\u00ed vive la comunidad Shipibo-Konibo a 20 meses del incendio\"}]},{\"@type\":\"WebSite\",\"@id\":\"https:\/\/red.pucp.edu.pe\/ridei\/#website\",\"url\":\"https:\/\/red.pucp.edu.pe\/ridei\/\",\"name\":\"PUCP | RIDEI\",\"description\":\"Red Internacional de estudios Interculturales\",\"potentialAction\":[{\"@type\":\"SearchAction\",\"target\":{\"@type\":\"EntryPoint\",\"urlTemplate\":\"https:\/\/red.pucp.edu.pe\/ridei\/?s={search_term_string}\"},\"query-input\":{\"@type\":\"PropertyValueSpecification\",\"valueRequired\":true,\"valueName\":\"search_term_string\"}}],\"inLanguage\":\"es\"},{\"@type\":\"Person\",\"@id\":\"https:\/\/red.pucp.edu.pe\/ridei\/#\/schema\/person\/07b47465514215a786e9ca72230c399e\",\"name\":\"Daniel Antonio S\u00e1nchez Ortiz\",\"image\":{\"@type\":\"ImageObject\",\"inLanguage\":\"es\",\"@id\":\"https:\/\/red.pucp.edu.pe\/ridei\/#\/schema\/person\/image\/\",\"url\":\"https:\/\/secure.gravatar.com\/avatar\/bde35f745e1ab9a0c0ab6aff5619b1b1?s=96&d=mm&r=g\",\"contentUrl\":\"https:\/\/secure.gravatar.com\/avatar\/bde35f745e1ab9a0c0ab6aff5619b1b1?s=96&d=mm&r=g\",\"caption\":\"Daniel Antonio S\u00e1nchez Ortiz\"},\"url\":\"https:\/\/red.pucp.edu.pe\/ridei\/author\/asanchez\/\"}]}<\/script>\n<!-- \/ Yoast SEO plugin. -->","yoast_head_json":{"title":"Cantagallo: as\u00ed vive la comunidad Shipibo-Konibo a 20 meses del incendio - PUCP | RIDEI","robots":{"index":"index","follow":"follow","max-snippet":"max-snippet:-1","max-image-preview":"max-image-preview:large","max-video-preview":"max-video-preview:-1"},"canonical":"https:\/\/red.pucp.edu.pe\/ridei\/noticias\/cantagallo-asi-vive-la-comunidad-shipibo-konibo-a-20-meses-del-incendio\/","og_locale":"es_ES","og_type":"article","og_title":"Cantagallo: as\u00ed vive la comunidad Shipibo-Konibo a 20 meses del incendio - PUCP | RIDEI","og_description":"El Comercio comprob\u00f3 esta semana que muchos de los comuneros han vuelto a ocupar la misma zona que se incendi\u00f3. All\u00ed han levantado casas con listones de madera. El Comercio\u00a0comprob\u00f3 esta semana que muchos de los integrantes de la comunidad\u00a0Shipibo-Konibo en\u00a0Cantagallo\u00a0han vuelto a ocupar la misma zona que se incendi\u00f3 en noviembre de 2016. All\u00ed han levantado casas con listones de madera. Algunas son de dos pisos y sus due\u00f1os utilizan escaleras de mano para acceder a los niveles superiores. Las calles son una suerte de laberinto. Hay pasadizos angostos y sin salida. Son trampas potenciales en las cuales se extienden cordeles para tender ropa entre cables el\u00e9ctricos. Se dan all\u00ed todas las condiciones necesarias para que ocurra otra cat\u00e1strofe. En noviembre pasado,\u00a0el ministro de Vivienda y Saneamiento, Carlos Bruce, anunci\u00f3 que en el lugar se construir\u00e1 el Conjunto Habitacional Comunidad Buen Vivir Jakonax Jati Jema, con una inversi\u00f3n de [&hellip;]","og_url":"https:\/\/red.pucp.edu.pe\/ridei\/noticias\/cantagallo-asi-vive-la-comunidad-shipibo-konibo-a-20-meses-del-incendio\/","og_site_name":"PUCP | RIDEI","article_published_time":"2018-06-14T17:05:44+00:00","og_image":[{"url":"https:\/\/red.pucp.edu.pe\/ridei\/files\/2018\/06\/5b21351126008-690x396.jpeg","type":"","width":"","height":""}],"author":"Daniel Antonio S\u00e1nchez Ortiz","twitter_card":"summary_large_image","twitter_misc":{"Escrito por":"Daniel Antonio S\u00e1nchez Ortiz","Tiempo de lectura":"1 minuto"},"schema":{"@context":"https:\/\/schema.org","@graph":[{"@type":"WebPage","@id":"https:\/\/red.pucp.edu.pe\/ridei\/noticias\/cantagallo-asi-vive-la-comunidad-shipibo-konibo-a-20-meses-del-incendio\/","url":"https:\/\/red.pucp.edu.pe\/ridei\/noticias\/cantagallo-asi-vive-la-comunidad-shipibo-konibo-a-20-meses-del-incendio\/","name":"Cantagallo: as\u00ed vive la comunidad Shipibo-Konibo a 20 meses del incendio - PUCP | RIDEI","isPartOf":{"@id":"https:\/\/red.pucp.edu.pe\/ridei\/#website"},"primaryImageOfPage":{"@id":"https:\/\/red.pucp.edu.pe\/ridei\/noticias\/cantagallo-asi-vive-la-comunidad-shipibo-konibo-a-20-meses-del-incendio\/#primaryimage"},"image":{"@id":"https:\/\/red.pucp.edu.pe\/ridei\/noticias\/cantagallo-asi-vive-la-comunidad-shipibo-konibo-a-20-meses-del-incendio\/#primaryimage"},"thumbnailUrl":"https:\/\/red.pucp.edu.pe\/ridei\/files\/2018\/06\/5b21351126008-690x396.jpeg","datePublished":"2018-06-14T17:05:44+00:00","author":{"@id":"https:\/\/red.pucp.edu.pe\/ridei\/#\/schema\/person\/07b47465514215a786e9ca72230c399e"},"breadcrumb":{"@id":"https:\/\/red.pucp.edu.pe\/ridei\/noticias\/cantagallo-asi-vive-la-comunidad-shipibo-konibo-a-20-meses-del-incendio\/#breadcrumb"},"inLanguage":"es","potentialAction":[{"@type":"ReadAction","target":["https:\/\/red.pucp.edu.pe\/ridei\/noticias\/cantagallo-asi-vive-la-comunidad-shipibo-konibo-a-20-meses-del-incendio\/"]}]},{"@type":"ImageObject","inLanguage":"es","@id":"https:\/\/red.pucp.edu.pe\/ridei\/noticias\/cantagallo-asi-vive-la-comunidad-shipibo-konibo-a-20-meses-del-incendio\/#primaryimage","url":"https:\/\/red.pucp.edu.pe\/ridei\/files\/2018\/06\/5b21351126008.jpeg","contentUrl":"https:\/\/red.pucp.edu.pe\/ridei\/files\/2018\/06\/5b21351126008.jpeg","width":1214,"height":697},{"@type":"BreadcrumbList","@id":"https:\/\/red.pucp.edu.pe\/ridei\/noticias\/cantagallo-asi-vive-la-comunidad-shipibo-konibo-a-20-meses-del-incendio\/#breadcrumb","itemListElement":[{"@type":"ListItem","position":1,"name":"Portada","item":"https:\/\/red.pucp.edu.pe\/ridei\/"},{"@type":"ListItem","position":2,"name":"Cantagallo: as\u00ed vive la comunidad Shipibo-Konibo a 20 meses del incendio"}]},{"@type":"WebSite","@id":"https:\/\/red.pucp.edu.pe\/ridei\/#website","url":"https:\/\/red.pucp.edu.pe\/ridei\/","name":"PUCP | RIDEI","description":"Red Internacional de estudios Interculturales","potentialAction":[{"@type":"SearchAction","target":{"@type":"EntryPoint","urlTemplate":"https:\/\/red.pucp.edu.pe\/ridei\/?s={search_term_string}"},"query-input":{"@type":"PropertyValueSpecification","valueRequired":true,"valueName":"search_term_string"}}],"inLanguage":"es"},{"@type":"Person","@id":"https:\/\/red.pucp.edu.pe\/ridei\/#\/schema\/person\/07b47465514215a786e9ca72230c399e","name":"Daniel Antonio S\u00e1nchez Ortiz","image":{"@type":"ImageObject","inLanguage":"es","@id":"https:\/\/red.pucp.edu.pe\/ridei\/#\/schema\/person\/image\/","url":"https:\/\/secure.gravatar.com\/avatar\/bde35f745e1ab9a0c0ab6aff5619b1b1?s=96&d=mm&r=g","contentUrl":"https:\/\/secure.gravatar.com\/avatar\/bde35f745e1ab9a0c0ab6aff5619b1b1?s=96&d=mm&r=g","caption":"Daniel Antonio S\u00e1nchez Ortiz"},"url":"https:\/\/red.pucp.edu.pe\/ridei\/author\/asanchez\/"}]}},"_links":{"self":[{"href":"https:\/\/red.pucp.edu.pe\/ridei\/wp-json\/wp\/v2\/posts\/24945","targetHints":{"allow":["GET"]}}],"collection":[{"href":"https:\/\/red.pucp.edu.pe\/ridei\/wp-json\/wp\/v2\/posts"}],"about":[{"href":"https:\/\/red.pucp.edu.pe\/ridei\/wp-json\/wp\/v2\/types\/post"}],"author":[{"embeddable":true,"href":"https:\/\/red.pucp.edu.pe\/ridei\/wp-json\/wp\/v2\/users\/5"}],"replies":[{"embeddable":true,"href":"https:\/\/red.pucp.edu.pe\/ridei\/wp-json\/wp\/v2\/comments?post=24945"}],"version-history":[{"count":0,"href":"https:\/\/red.pucp.edu.pe\/ridei\/wp-json\/wp\/v2\/posts\/24945\/revisions"}],"wp:attachment":[{"href":"https:\/\/red.pucp.edu.pe\/ridei\/wp-json\/wp\/v2\/media?parent=24945"}],"wp:term":[{"taxonomy":"category","embeddable":true,"href":"https:\/\/red.pucp.edu.pe\/ridei\/wp-json\/wp\/v2\/categories?post=24945"},{"taxonomy":"post_tag","embeddable":true,"href":"https:\/\/red.pucp.edu.pe\/ridei\/wp-json\/wp\/v2\/tags?post=24945"}],"curies":[{"name":"wp","href":"https:\/\/api.w.org\/{rel}","templated":true}]}}