{"id":23943,"date":"2016-07-11T17:23:24","date_gmt":"2016-07-11T22:23:24","guid":{"rendered":"https:\/\/red.pucp.edu.pe\/ridei\/?p=23943"},"modified":"2016-07-11T17:23:24","modified_gmt":"2016-07-11T22:23:24","slug":"la-larga-lucha-por-la-identidad-de-una-comunidad-kukama","status":"publish","type":"post","link":"https:\/\/red.pucp.edu.pe\/ridei\/noticias\/la-larga-lucha-por-la-identidad-de-una-comunidad-kukama\/","title":{"rendered":"La larga lucha por la identidad de una comunidad kukama"},"content":{"rendered":"<p style=\"text-align: justify\"><img loading=\"lazy\" decoding=\"async\" class=\"aligncenter size-large wp-image-23945\" src=\"https:\/\/red.pucp.edu.pe\/ridei\/files\/2016\/07\/foto-apu-casternoque-690x460.jpg\" alt=\"foto-apu-casternoque\" width=\"690\" height=\"460\" srcset=\"https:\/\/red.pucp.edu.pe\/ridei\/files\/2016\/07\/foto-apu-casternoque-690x460.jpg 690w, https:\/\/red.pucp.edu.pe\/ridei\/files\/2016\/07\/foto-apu-casternoque-300x200.jpg 300w, https:\/\/red.pucp.edu.pe\/ridei\/files\/2016\/07\/foto-apu-casternoque.jpg 800w\" sizes=\"auto, (max-width: 690px) 100vw, 690px\" \/><\/p>\n<p style=\"text-align: justify\">\n<p style=\"text-align: justify\">La titulaci\u00f3n de una comunidad nativa no es una noticia usual en el Per\u00fa, por eso\u00a0es grato saber\u00a0que en Loreto\u00a0se ha dado\u00a0un paso\u00a0importante\u00a0en ese sentido. Hace algunas semanas,\u00a0la comunidad nativa\u00a0cocama de Tarapac\u00e1 logr\u00f3 que se declarara la nulidad de dos resoluciones que obstaculizaban su reconocimiento jur\u00eddico y que, con esta medida,\u00a0se ordene a la Direcci\u00f3n Regional Agraria\u00a0de Loreto\u00a0su inscripci\u00f3n como\u00a0comunidad nativa en el Registro P\u00fablico Nacional Desconcentrado de Comunidades Nativas.<\/p>\n<p style=\"text-align: justify\">Renato Pita, comunicador y miembro de la plataforma Puinamudt, que agrupa a cuatro federaciones ind\u00edgenas de Loreto, profundiz\u00f3 en el caso y convers\u00f3 con\u00a0Rusbel Casternoque,\u00a0apu o jefe de la comunidad de Tarapac\u00e1. A continuaci\u00f3n su art\u00edculo.<\/p>\n<h2 class=\"nota-interior-titulo\" style=\"text-align: justify\">No solamente queda escrito en el papel sino tambi\u00e9n en el coraz\u00f3n: La\u00a0larga lucha por la identidad de una comunidad kukama<\/h2>\n<p style=\"text-align: justify\">&#8211; Entrevista al apu Rusbel Casternoque, de la comunidad kukama Tarapac\u00e1, que acaba de ser reconocida como \u201cnativa\u201d luego de 11 a\u00f1os de lucha frente a la administraci\u00f3n p\u00fablica.<\/p>\n<p>Por Renato Pita<\/p>\n<p>11 de\u00a0julio, 2016.-\u00a0Orgullo y alegr\u00eda. Once a\u00f1os de caminar. Firmeza. Abrazar fuertemente. \u201cSolamente creen que existe el mestizo y no quieren reconocer que el ind\u00edgena existe, esa es su filosof\u00eda\u201d, dice el apu Rusbel de la comunidad kukama Tarapac\u00e1. Aquel <em>ellos<\/em> va para el Estado peruano, que suele ser un entuerto hostil para las comunidades ind\u00edgenas. Monstruo al que tambi\u00e9n se le puede ganar.<\/p>\n<p>En un contexto donde cada vez se hacen m\u00e1s visibles las afectaciones e impactos que genera la actividad petrolera en los territorios ind\u00edgenas amaz\u00f3nicos, se hace pertinente conocer otra violencia, estructural, a veces silenciosa pero no menos infame y cruel.<\/p>\n<h3 class=\"nota-interior-subtitulo\"><strong>Consideraciones para la inexistencia<\/strong><\/h3>\n<p>Tarapac\u00e1 es una comunidad ubicada a orillas del Amazonas, en el distrito de Punchana, a pocos kil\u00f3metros al norte de Iquitos. Es integrante de la organizaci\u00f3n ind\u00edgena Asociaci\u00f3n Cocama de Desarrollo y Conservaci\u00f3n San Pablo de Tipishca (ACODECOSPAT).<\/p>\n<p>Rusbel Casternoque tiene 59 a\u00f1os de edad, casi una quinta parte de su vida la dedic\u00f3 a luchar por el reconocimiento de su comunidad. \u201cHe sido amenazado de muerte, he sido enfrentado con el caser\u00edo vecino que se opon\u00eda a nuestro reconocimiento. La agencia agraria llegaba a ese caser\u00edo [a sembrar discordia]. En 2007 me denuncia el teniente gobernador de ah\u00ed. Me han investigado de todo y nunca encontraron ninguna prueba\u201d.<\/p>\n<p>Reclamar y alcanzar la existencia ind\u00edgena ante el Estado peruano puede llegar a ser una lucha violenta en varios sentidos, considerando que estamos en un pa\u00eds empecinado en el despojo territorial y sostenido en la tramposa, e incluso inconstitucional, lectura de normas. Un pa\u00eds que tambi\u00e9n se desarrolla sobre el da\u00f1o y la vulneraci\u00f3n de derechos de los pueblos ind\u00edgenas.<\/p>\n<p>Todo inicia en 2006, cuando el Gobierno Regional de Loreto (GOREL) niega el reconocimiento solicitado por los pobladores de la comunidad. Aquella solicitud fue respondida reci\u00e9n en mayo de ese a\u00f1o con un \u201cimprocedente\u201d de la Direcci\u00f3n Regional Agraria, alegando que en Tarapac\u00e1 la gente \u201cpertenece a la <em>raza<\/em> mestiza\u201d.<\/p>\n<p>De acuerdo a un peritaje antropol\u00f3gico de 2009 del especialista Alberto Chirif, \u201clos cocamas se expanden por el Mara\u00f1\u00f3n, Ucayali y Amazonas\u201d luego de los auges extractivos de principios de la rep\u00fablica. Este documento, elaborado especialmente para el caso Tarapac\u00e1, considera factores como historia, familias, lengua nativa y normativa nacional e internacional.<\/p>\n<p>La conclusi\u00f3n del peritaje es categ\u00f3rica: \u201cning\u00fan funcionario, alegando el car\u00e1cter de mestizo de la poblaci\u00f3n o de tener apellido de origen espa\u00f1ol o de no saber el idioma, puede negar a un grupo humano su autoidentificaci\u00f3n como ind\u00edgena\u201d.<\/p>\n<p>A pesar de contar con la opini\u00f3n favorable de expertos, a pesar de inagotable acciones y tenaz insistencia, a Tarapac\u00e1 se le neg\u00f3 el reconocimiento como \u201ccomunidad nativa\u201d por poco m\u00e1s de una d\u00e9cada. En agosto de 2015, luego de que la comunidad judicializar\u00e1 el caso, el poder judicial emiti\u00f3 sentencia a favor de los kukamas; pero la apelaci\u00f3n del GOREL no se hizo esperar.<\/p>\n<p>Reci\u00e9n hace pocas semanas, la Sala Civil ha vuelto a fallar en favor de Tarapac\u00e1. Al inicio de este proceso, la comunidad contaba con 250 personas, esa cifra ha bajado a 35. \u201cMuchos se han ido. Perdieron la esperanza\u201d, cuenta Rusbel Casternoque a un diario local.<\/p>\n<p>Luego de alcanzar el ansiado reconocimiento, las palabras del apu est\u00e1n llenas de emoci\u00f3n y orgullo. Dentro guardan un especial valor, donde se dejan escuchar otras historias y voces que padecen similares realidades.<\/p>\n<div id=\"attachment_23944\" style=\"width: 519px\" class=\"wp-caption aligncenter\"><img loading=\"lazy\" decoding=\"async\" aria-describedby=\"caption-attachment-23944\" class=\"wp-image-23944 size-large\" src=\"https:\/\/red.pucp.edu.pe\/ridei\/files\/2016\/07\/fallocasotarapaca-509x700.jpg\" alt=\"fallocasotarapaca\" width=\"509\" height=\"700\" srcset=\"https:\/\/red.pucp.edu.pe\/ridei\/files\/2016\/07\/fallocasotarapaca-509x700.jpg 509w, https:\/\/red.pucp.edu.pe\/ridei\/files\/2016\/07\/fallocasotarapaca-218x300.jpg 218w, https:\/\/red.pucp.edu.pe\/ridei\/files\/2016\/07\/fallocasotarapaca.jpg 710w\" sizes=\"auto, (max-width: 509px) 100vw, 509px\" \/><p id=\"caption-attachment-23944\" class=\"wp-caption-text\">Fallo de 2015 que ordena a la Direcci\u00f3n Regional Agraria de Loreto la inscripci\u00f3n de Tarapac\u00e1 como comunidad nativa en el Registro P\u00fablico Nacional Desconcentrado de Comunidades Nativas.<\/p><\/div>\n<h3 class=\"nota-interior-subtitulo\">\u00abEs b\u00e1rbaro y absurdo no querer reconocer a una comunidad ind\u00edgena\u00bb<\/h3>\n<p style=\"text-align: justify\"><strong>\u00bfQu\u00e9 sientes al conseguir este reconocimiento de tu comunidad?<\/strong><\/p>\n<p style=\"text-align: justify\">&#8211; Lo primero que sentimos es orgullo. El orgullo de luchar frente a toda una corriente de oposici\u00f3n, una pol\u00edtica que nos quiso derribar, que nos quiso desanimar. Este proceso no solamente queda escrito en el papel, sino tambi\u00e9n en el coraz\u00f3n, porque queda para nuestros hijos, nuestros nietos. Ellos ver\u00e1n c\u00f3mo se ha luchado para que nuestra comunidad sea reconocida luego de haber sido negado rotundamente.<\/p>\n<p style=\"text-align: justify\"><strong>\u00bfQu\u00e9 hicieron ustedes frente a esa corriente de oposici\u00f3n?<\/strong><\/p>\n<p style=\"text-align: justify\">&#8211; Nosotros hemos dicho firmemente que somos ind\u00edgenas y que tenemos que ser reconocidos, tenemos la ley, tenemos el Convenio 169, la Declaraci\u00f3n de las Naciones Unidas. Todo eso nos ha abrigado la esperanza y lo hemos abrazado fuertemente. Esto es una alegr\u00eda. Hacemos ver al Estado peruano que no vamos a dejar que vulneren nuestros derechos, que el pueblo ind\u00edgena kukama est\u00e1 listo para luchar hasta las \u00faltimas consecuencias.<\/p>\n<p style=\"text-align: justify\"><strong>Es una historia muy importante\u2026<\/strong><\/p>\n<p style=\"text-align: justify\">&#8211; Es toda una historia. [El proceso] lo hemos hecho a veces silenciosamente, sufriendo \u00a0maltratos, pero hemos empezado a caminar hasta que se dio la luz. La Sala Civil de Apelaciones [de Loreto] emite sentencia a nuestro favor dici\u00e9ndole al Ministerio de Agricultura y a la Direcci\u00f3n Regional de Agricultura [de Loreto] que nos reconozca como comunidad, tal como somos. El procurador del Gobierno Regional apel\u00f3; pero igual, la Sala ha dicho: Reconozca a la comunidad.<\/p>\n<p style=\"text-align: justify\"><strong>\u00bfQu\u00e9 ha pasado en todo este tiempo?<\/strong><\/p>\n<p style=\"text-align: justify\">&#8211; Ha sido una pelea tremenda donde hubo enfrentamiento, discusiones, actores que quer\u00edan que no nos reconozcamos. La gobernaci\u00f3n del distrito de Bel\u00e9n dijo este a\u00f1o que no existe la comunidad Tarapac\u00e1. Otros pol\u00edticos dijeron \u201caqu\u00ed no hay comunidad nativa, no hay ind\u00edgenas\u201d. Nosotros tenemos a un hermano, Humberto Arirama, tiene 86 a\u00f1os, \u00e9l habla en lengua, \u00e9l habla nuestro idioma.<\/p>\n<p style=\"text-align: justify\"><strong>\u00bfPor qu\u00e9 crees que hay esta negaci\u00f3n de algunos funcionarios p\u00fablicos? <\/strong><\/p>\n<p style=\"text-align: justify\">&#8211; Eso ya conocemos, hay ataques de discriminaci\u00f3n, de violaci\u00f3n a derechos. Es una muestra clara que existe todav\u00eda la discriminaci\u00f3n en nuestro pa\u00eds.<\/p>\n<p><img decoding=\"async\" class=\"aligncenter\" src=\"https:\/\/www.servindi.org\/sites\/default\/files\/editor\/evaliacionhidroviask3-640x426.jpg\" alt=\"\" \/><\/p>\n<h3 class=\"nota-interior-subtitulo\">El tiempo nuevo, frente a la barbarie<\/h3>\n<p style=\"text-align: justify\">Los p\u00e1rrocos Miguel \u00c1ngel Cadenas y Manolo Berj\u00f3n, testigos cercanos de todo este proceso, cuentan que \u201cCuando [Rusbel Casternoque] ha le\u00eddo la sentencia, en presencia de la abogada, se le han ca\u00eddo unas l\u00e1grimas. Rusbel no llora por nada, es un hombre fuerte y con convicciones profundas. Una de esas personas de las que nos sentimos orgullosos de ser sus amigos\u201d.<\/p>\n<p style=\"text-align: justify\">Luego de reconocer el trabajo y apoyo de su organizaci\u00f3n ind\u00edgena ACODECOSPAT, los agradecimientos no demoran, \u201ca don Alberto Chirif, el CAAAP, el Vicariato Apost\u00f3lico de Iquitos, Juan Carlos Ru\u00edz Molleda [IDL], la Defensor\u00eda del Pueblo de Iquitos\u201d.<\/p>\n<p style=\"text-align: justify\">Rusbel Casternoque concluye la entrevista con una reflexi\u00f3n que le cost\u00f3 arrugas, pero que resume con sencillez y dureza la realidad de nuestro pa\u00eds: \u201cA pesar de que los pueblos ind\u00edgenas estamos avanzando bastante, todav\u00eda ellos [los funcionarios del Estado] quieren ignorar y no quieren entender. Es b\u00e1rbaro y absurdo no querer reconocer a una comunidad ind\u00edgena\u201d.<\/p>\n<p style=\"text-align: justify\">\n<p style=\"text-align: justify\">Fuente: Servindi<\/p>\n","protected":false},"excerpt":{"rendered":"<p>La titulaci\u00f3n de una comunidad nativa no es una noticia usual en el Per\u00fa, por eso\u00a0es grato saber\u00a0que en Loreto\u00a0se ha dado\u00a0un paso\u00a0importante\u00a0en ese sentido. Hace algunas semanas,\u00a0la comunidad nativa\u00a0cocama de Tarapac\u00e1 logr\u00f3 que se declarara la nulidad de dos resoluciones que obstaculizaban su reconocimiento jur\u00eddico y que, con esta medida,\u00a0se ordene a la Direcci\u00f3n Regional Agraria\u00a0de Loreto\u00a0su inscripci\u00f3n como\u00a0comunidad nativa en el Registro P\u00fablico Nacional Desconcentrado de Comunidades Nativas. Renato Pita, comunicador y miembro de la plataforma Puinamudt, que agrupa a cuatro federaciones ind\u00edgenas de Loreto, profundiz\u00f3 en el caso y convers\u00f3 con\u00a0Rusbel Casternoque,\u00a0apu o jefe de la comunidad de Tarapac\u00e1. A continuaci\u00f3n su art\u00edculo. No solamente queda escrito en el papel sino tambi\u00e9n en el coraz\u00f3n: La\u00a0larga lucha por la identidad de una comunidad kukama &#8211; Entrevista al apu Rusbel Casternoque, de la comunidad kukama Tarapac\u00e1, que acaba de ser reconocida como \u201cnativa\u201d luego de 11 a\u00f1os de [&hellip;]<\/p>\n","protected":false},"author":5,"featured_media":0,"comment_status":"open","ping_status":"open","sticky":false,"template":"","format":"standard","meta":{"footnotes":""},"categories":[76,1,48,94],"tags":[],"class_list":["post-23943","post","type-post","status-publish","format-standard","hentry","category-cultura","category-noticias","category-politica","category-pueblos-indigenas"],"yoast_head":"<!-- This site is optimized with the Yoast SEO plugin v24.5 - https:\/\/yoast.com\/wordpress\/plugins\/seo\/ -->\n<title>La larga lucha por la identidad de una comunidad kukama - PUCP | RIDEI<\/title>\n<meta name=\"robots\" content=\"index, follow, max-snippet:-1, max-image-preview:large, max-video-preview:-1\" \/>\n<link rel=\"canonical\" href=\"https:\/\/red.pucp.edu.pe\/ridei\/noticias\/la-larga-lucha-por-la-identidad-de-una-comunidad-kukama\/\" \/>\n<meta property=\"og:locale\" content=\"es_ES\" \/>\n<meta property=\"og:type\" content=\"article\" \/>\n<meta property=\"og:title\" content=\"La larga lucha por la identidad de una comunidad kukama - PUCP | RIDEI\" \/>\n<meta property=\"og:description\" content=\"La titulaci\u00f3n de una comunidad nativa no es una noticia usual en el Per\u00fa, por eso\u00a0es grato saber\u00a0que en Loreto\u00a0se ha dado\u00a0un paso\u00a0importante\u00a0en ese sentido. Hace algunas semanas,\u00a0la comunidad nativa\u00a0cocama de Tarapac\u00e1 logr\u00f3 que se declarara la nulidad de dos resoluciones que obstaculizaban su reconocimiento jur\u00eddico y que, con esta medida,\u00a0se ordene a la Direcci\u00f3n Regional Agraria\u00a0de Loreto\u00a0su inscripci\u00f3n como\u00a0comunidad nativa en el Registro P\u00fablico Nacional Desconcentrado de Comunidades Nativas. Renato Pita, comunicador y miembro de la plataforma Puinamudt, que agrupa a cuatro federaciones ind\u00edgenas de Loreto, profundiz\u00f3 en el caso y convers\u00f3 con\u00a0Rusbel Casternoque,\u00a0apu o jefe de la comunidad de Tarapac\u00e1. A continuaci\u00f3n su art\u00edculo. No solamente queda escrito en el papel sino tambi\u00e9n en el coraz\u00f3n: La\u00a0larga lucha por la identidad de una comunidad kukama &#8211; Entrevista al apu Rusbel Casternoque, de la comunidad kukama Tarapac\u00e1, que acaba de ser reconocida como \u201cnativa\u201d luego de 11 a\u00f1os de [&hellip;]\" \/>\n<meta property=\"og:url\" content=\"https:\/\/red.pucp.edu.pe\/ridei\/noticias\/la-larga-lucha-por-la-identidad-de-una-comunidad-kukama\/\" \/>\n<meta property=\"og:site_name\" content=\"PUCP | RIDEI\" \/>\n<meta property=\"article:published_time\" content=\"2016-07-11T22:23:24+00:00\" \/>\n<meta property=\"og:image\" content=\"https:\/\/red.pucp.edu.pe\/ridei\/files\/2016\/07\/foto-apu-casternoque-690x460.jpg\" \/>\n<meta name=\"author\" content=\"Daniel Antonio S\u00e1nchez Ortiz\" \/>\n<meta name=\"twitter:card\" content=\"summary_large_image\" \/>\n<meta name=\"twitter:label1\" content=\"Escrito por\" \/>\n\t<meta name=\"twitter:data1\" content=\"Daniel Antonio S\u00e1nchez Ortiz\" \/>\n\t<meta name=\"twitter:label2\" content=\"Tiempo de lectura\" \/>\n\t<meta name=\"twitter:data2\" content=\"7 minutos\" \/>\n<script type=\"application\/ld+json\" class=\"yoast-schema-graph\">{\"@context\":\"https:\/\/schema.org\",\"@graph\":[{\"@type\":\"WebPage\",\"@id\":\"https:\/\/red.pucp.edu.pe\/ridei\/noticias\/la-larga-lucha-por-la-identidad-de-una-comunidad-kukama\/\",\"url\":\"https:\/\/red.pucp.edu.pe\/ridei\/noticias\/la-larga-lucha-por-la-identidad-de-una-comunidad-kukama\/\",\"name\":\"La larga lucha por la identidad de una comunidad kukama - PUCP | RIDEI\",\"isPartOf\":{\"@id\":\"https:\/\/red.pucp.edu.pe\/ridei\/#website\"},\"primaryImageOfPage\":{\"@id\":\"https:\/\/red.pucp.edu.pe\/ridei\/noticias\/la-larga-lucha-por-la-identidad-de-una-comunidad-kukama\/#primaryimage\"},\"image\":{\"@id\":\"https:\/\/red.pucp.edu.pe\/ridei\/noticias\/la-larga-lucha-por-la-identidad-de-una-comunidad-kukama\/#primaryimage\"},\"thumbnailUrl\":\"https:\/\/red.pucp.edu.pe\/ridei\/files\/2016\/07\/foto-apu-casternoque-690x460.jpg\",\"datePublished\":\"2016-07-11T22:23:24+00:00\",\"author\":{\"@id\":\"https:\/\/red.pucp.edu.pe\/ridei\/#\/schema\/person\/07b47465514215a786e9ca72230c399e\"},\"breadcrumb\":{\"@id\":\"https:\/\/red.pucp.edu.pe\/ridei\/noticias\/la-larga-lucha-por-la-identidad-de-una-comunidad-kukama\/#breadcrumb\"},\"inLanguage\":\"es\",\"potentialAction\":[{\"@type\":\"ReadAction\",\"target\":[\"https:\/\/red.pucp.edu.pe\/ridei\/noticias\/la-larga-lucha-por-la-identidad-de-una-comunidad-kukama\/\"]}]},{\"@type\":\"ImageObject\",\"inLanguage\":\"es\",\"@id\":\"https:\/\/red.pucp.edu.pe\/ridei\/noticias\/la-larga-lucha-por-la-identidad-de-una-comunidad-kukama\/#primaryimage\",\"url\":\"https:\/\/red.pucp.edu.pe\/ridei\/files\/2016\/07\/foto-apu-casternoque.jpg\",\"contentUrl\":\"https:\/\/red.pucp.edu.pe\/ridei\/files\/2016\/07\/foto-apu-casternoque.jpg\",\"width\":800,\"height\":533},{\"@type\":\"BreadcrumbList\",\"@id\":\"https:\/\/red.pucp.edu.pe\/ridei\/noticias\/la-larga-lucha-por-la-identidad-de-una-comunidad-kukama\/#breadcrumb\",\"itemListElement\":[{\"@type\":\"ListItem\",\"position\":1,\"name\":\"Portada\",\"item\":\"https:\/\/red.pucp.edu.pe\/ridei\/\"},{\"@type\":\"ListItem\",\"position\":2,\"name\":\"La larga lucha por la identidad de una comunidad kukama\"}]},{\"@type\":\"WebSite\",\"@id\":\"https:\/\/red.pucp.edu.pe\/ridei\/#website\",\"url\":\"https:\/\/red.pucp.edu.pe\/ridei\/\",\"name\":\"PUCP | RIDEI\",\"description\":\"Red Internacional de estudios Interculturales\",\"potentialAction\":[{\"@type\":\"SearchAction\",\"target\":{\"@type\":\"EntryPoint\",\"urlTemplate\":\"https:\/\/red.pucp.edu.pe\/ridei\/?s={search_term_string}\"},\"query-input\":{\"@type\":\"PropertyValueSpecification\",\"valueRequired\":true,\"valueName\":\"search_term_string\"}}],\"inLanguage\":\"es\"},{\"@type\":\"Person\",\"@id\":\"https:\/\/red.pucp.edu.pe\/ridei\/#\/schema\/person\/07b47465514215a786e9ca72230c399e\",\"name\":\"Daniel Antonio S\u00e1nchez Ortiz\",\"image\":{\"@type\":\"ImageObject\",\"inLanguage\":\"es\",\"@id\":\"https:\/\/red.pucp.edu.pe\/ridei\/#\/schema\/person\/image\/\",\"url\":\"https:\/\/secure.gravatar.com\/avatar\/bde35f745e1ab9a0c0ab6aff5619b1b1?s=96&d=mm&r=g\",\"contentUrl\":\"https:\/\/secure.gravatar.com\/avatar\/bde35f745e1ab9a0c0ab6aff5619b1b1?s=96&d=mm&r=g\",\"caption\":\"Daniel Antonio S\u00e1nchez Ortiz\"},\"url\":\"https:\/\/red.pucp.edu.pe\/ridei\/author\/asanchez\/\"}]}<\/script>\n<!-- \/ Yoast SEO plugin. -->","yoast_head_json":{"title":"La larga lucha por la identidad de una comunidad kukama - PUCP | RIDEI","robots":{"index":"index","follow":"follow","max-snippet":"max-snippet:-1","max-image-preview":"max-image-preview:large","max-video-preview":"max-video-preview:-1"},"canonical":"https:\/\/red.pucp.edu.pe\/ridei\/noticias\/la-larga-lucha-por-la-identidad-de-una-comunidad-kukama\/","og_locale":"es_ES","og_type":"article","og_title":"La larga lucha por la identidad de una comunidad kukama - PUCP | RIDEI","og_description":"La titulaci\u00f3n de una comunidad nativa no es una noticia usual en el Per\u00fa, por eso\u00a0es grato saber\u00a0que en Loreto\u00a0se ha dado\u00a0un paso\u00a0importante\u00a0en ese sentido. Hace algunas semanas,\u00a0la comunidad nativa\u00a0cocama de Tarapac\u00e1 logr\u00f3 que se declarara la nulidad de dos resoluciones que obstaculizaban su reconocimiento jur\u00eddico y que, con esta medida,\u00a0se ordene a la Direcci\u00f3n Regional Agraria\u00a0de Loreto\u00a0su inscripci\u00f3n como\u00a0comunidad nativa en el Registro P\u00fablico Nacional Desconcentrado de Comunidades Nativas. Renato Pita, comunicador y miembro de la plataforma Puinamudt, que agrupa a cuatro federaciones ind\u00edgenas de Loreto, profundiz\u00f3 en el caso y convers\u00f3 con\u00a0Rusbel Casternoque,\u00a0apu o jefe de la comunidad de Tarapac\u00e1. A continuaci\u00f3n su art\u00edculo. No solamente queda escrito en el papel sino tambi\u00e9n en el coraz\u00f3n: La\u00a0larga lucha por la identidad de una comunidad kukama &#8211; Entrevista al apu Rusbel Casternoque, de la comunidad kukama Tarapac\u00e1, que acaba de ser reconocida como \u201cnativa\u201d luego de 11 a\u00f1os de [&hellip;]","og_url":"https:\/\/red.pucp.edu.pe\/ridei\/noticias\/la-larga-lucha-por-la-identidad-de-una-comunidad-kukama\/","og_site_name":"PUCP | RIDEI","article_published_time":"2016-07-11T22:23:24+00:00","og_image":[{"url":"https:\/\/red.pucp.edu.pe\/ridei\/files\/2016\/07\/foto-apu-casternoque-690x460.jpg","type":"","width":"","height":""}],"author":"Daniel Antonio S\u00e1nchez Ortiz","twitter_card":"summary_large_image","twitter_misc":{"Escrito por":"Daniel Antonio S\u00e1nchez Ortiz","Tiempo de lectura":"7 minutos"},"schema":{"@context":"https:\/\/schema.org","@graph":[{"@type":"WebPage","@id":"https:\/\/red.pucp.edu.pe\/ridei\/noticias\/la-larga-lucha-por-la-identidad-de-una-comunidad-kukama\/","url":"https:\/\/red.pucp.edu.pe\/ridei\/noticias\/la-larga-lucha-por-la-identidad-de-una-comunidad-kukama\/","name":"La larga lucha por la identidad de una comunidad kukama - PUCP | RIDEI","isPartOf":{"@id":"https:\/\/red.pucp.edu.pe\/ridei\/#website"},"primaryImageOfPage":{"@id":"https:\/\/red.pucp.edu.pe\/ridei\/noticias\/la-larga-lucha-por-la-identidad-de-una-comunidad-kukama\/#primaryimage"},"image":{"@id":"https:\/\/red.pucp.edu.pe\/ridei\/noticias\/la-larga-lucha-por-la-identidad-de-una-comunidad-kukama\/#primaryimage"},"thumbnailUrl":"https:\/\/red.pucp.edu.pe\/ridei\/files\/2016\/07\/foto-apu-casternoque-690x460.jpg","datePublished":"2016-07-11T22:23:24+00:00","author":{"@id":"https:\/\/red.pucp.edu.pe\/ridei\/#\/schema\/person\/07b47465514215a786e9ca72230c399e"},"breadcrumb":{"@id":"https:\/\/red.pucp.edu.pe\/ridei\/noticias\/la-larga-lucha-por-la-identidad-de-una-comunidad-kukama\/#breadcrumb"},"inLanguage":"es","potentialAction":[{"@type":"ReadAction","target":["https:\/\/red.pucp.edu.pe\/ridei\/noticias\/la-larga-lucha-por-la-identidad-de-una-comunidad-kukama\/"]}]},{"@type":"ImageObject","inLanguage":"es","@id":"https:\/\/red.pucp.edu.pe\/ridei\/noticias\/la-larga-lucha-por-la-identidad-de-una-comunidad-kukama\/#primaryimage","url":"https:\/\/red.pucp.edu.pe\/ridei\/files\/2016\/07\/foto-apu-casternoque.jpg","contentUrl":"https:\/\/red.pucp.edu.pe\/ridei\/files\/2016\/07\/foto-apu-casternoque.jpg","width":800,"height":533},{"@type":"BreadcrumbList","@id":"https:\/\/red.pucp.edu.pe\/ridei\/noticias\/la-larga-lucha-por-la-identidad-de-una-comunidad-kukama\/#breadcrumb","itemListElement":[{"@type":"ListItem","position":1,"name":"Portada","item":"https:\/\/red.pucp.edu.pe\/ridei\/"},{"@type":"ListItem","position":2,"name":"La larga lucha por la identidad de una comunidad kukama"}]},{"@type":"WebSite","@id":"https:\/\/red.pucp.edu.pe\/ridei\/#website","url":"https:\/\/red.pucp.edu.pe\/ridei\/","name":"PUCP | RIDEI","description":"Red Internacional de estudios Interculturales","potentialAction":[{"@type":"SearchAction","target":{"@type":"EntryPoint","urlTemplate":"https:\/\/red.pucp.edu.pe\/ridei\/?s={search_term_string}"},"query-input":{"@type":"PropertyValueSpecification","valueRequired":true,"valueName":"search_term_string"}}],"inLanguage":"es"},{"@type":"Person","@id":"https:\/\/red.pucp.edu.pe\/ridei\/#\/schema\/person\/07b47465514215a786e9ca72230c399e","name":"Daniel Antonio S\u00e1nchez Ortiz","image":{"@type":"ImageObject","inLanguage":"es","@id":"https:\/\/red.pucp.edu.pe\/ridei\/#\/schema\/person\/image\/","url":"https:\/\/secure.gravatar.com\/avatar\/bde35f745e1ab9a0c0ab6aff5619b1b1?s=96&d=mm&r=g","contentUrl":"https:\/\/secure.gravatar.com\/avatar\/bde35f745e1ab9a0c0ab6aff5619b1b1?s=96&d=mm&r=g","caption":"Daniel Antonio S\u00e1nchez Ortiz"},"url":"https:\/\/red.pucp.edu.pe\/ridei\/author\/asanchez\/"}]}},"_links":{"self":[{"href":"https:\/\/red.pucp.edu.pe\/ridei\/wp-json\/wp\/v2\/posts\/23943","targetHints":{"allow":["GET"]}}],"collection":[{"href":"https:\/\/red.pucp.edu.pe\/ridei\/wp-json\/wp\/v2\/posts"}],"about":[{"href":"https:\/\/red.pucp.edu.pe\/ridei\/wp-json\/wp\/v2\/types\/post"}],"author":[{"embeddable":true,"href":"https:\/\/red.pucp.edu.pe\/ridei\/wp-json\/wp\/v2\/users\/5"}],"replies":[{"embeddable":true,"href":"https:\/\/red.pucp.edu.pe\/ridei\/wp-json\/wp\/v2\/comments?post=23943"}],"version-history":[{"count":0,"href":"https:\/\/red.pucp.edu.pe\/ridei\/wp-json\/wp\/v2\/posts\/23943\/revisions"}],"wp:attachment":[{"href":"https:\/\/red.pucp.edu.pe\/ridei\/wp-json\/wp\/v2\/media?parent=23943"}],"wp:term":[{"taxonomy":"category","embeddable":true,"href":"https:\/\/red.pucp.edu.pe\/ridei\/wp-json\/wp\/v2\/categories?post=23943"},{"taxonomy":"post_tag","embeddable":true,"href":"https:\/\/red.pucp.edu.pe\/ridei\/wp-json\/wp\/v2\/tags?post=23943"}],"curies":[{"name":"wp","href":"https:\/\/api.w.org\/{rel}","templated":true}]}}